{"id":12402,"date":"2021-03-06T20:06:24","date_gmt":"2021-03-06T20:06:24","guid":{"rendered":"https:\/\/yacht-explorer.com\/insel-mljet\/"},"modified":"2021-03-06T20:06:29","modified_gmt":"2021-03-06T20:06:29","slug":"insel-mljet","status":"publish","type":"post","link":"https:\/\/yacht-explorer.com\/de\/insel-mljet\/","title":{"rendered":"Insel Mljet"},"content":{"rendered":"<p>[vc_section full_width=&#8220;stretch_row_content&#8220; bg_color_select=&#8220;gray&#8220;][vc_row full_width=&#8220;stretch_row_content&#8220;][vc_column]<div class=\"heading  default align-center color-black subcolor-main transform-default icon-type-default heading-tag-h2\" id=\"like_sc_header_378184540\"><h2 class=\"header ltx-sr-id-like_sc_header_3781845401138941340 ltx-sr ltx-sr-effect-fade_in ltx-sr-el-block ltx-sr-delay-0 ltx-sr-duration-1000 ltx-sr-sequences-0\">Mljet<\/h2><\/div><div class=\"ltx-content-width col-align-center\" id=\"like_sc_content_width_1420117963\" style=\"max-width: 1000px\"><div class=\"ltx-wrapper\">[vc_column_text]<\/p>\n<p style=\"text-align: center\"><span style=\"font-size: 14pt\">Nicht weit von der Insel Kor\u010dula entfernt liegt die Insel Mljet, die gr\u00fcnste Insel der Adria, von der ein Drittel im Umkreis des Mljet-Nationalparks liegt. Es wurde aufgrund seiner au\u00dfergew\u00f6hnlichen nat\u00fcrlichen Sch\u00f6nheit und seiner reichen Flora und Fauna zum Nationalpark erkl\u00e4rt. Dar\u00fcber hinaus gibt es zahlreiche Str\u00e4nde, Fisch- und Hummerfischgr\u00fcnde sowie zahlreiche kulturelle und historische Denkm\u00e4ler, die es zu einem \u00e4u\u00dferst attraktiven Touristenziel machen. Der Mljet-Nationalpark ist der \u00e4lteste Meerespark im gesamten Mittelmeerraum und besitzt zwei Salzwasserseen: den Gro\u00dfen und den Kleinen See mit einem Benediktinerkloster auf der Insel Santa Maria. In der Ruhe dieser dicht bewaldeten Insel finden Sie einen r\u00f6mischen Palast, der in seiner Gr\u00f6\u00dfe nur hinter dem Diokletianpalast in Split und der Arena in Pula zur\u00fcckbleibt. Entdecken Sie Jama (die H\u00f6hle), die auch als &#8222;Odysseus-H\u00f6hle&#8220; bekannt ist.<\/span><\/p>\n<div id=\"kpm-root\" class=\"kpm_LTR notranslate\"><\/div>\n<div id=\"kpm-root\" class=\"kpm_LTR notranslate\"><\/div>\n<p>[\/vc_column_text]<\/div><\/div>[\/vc_column][\/vc_row][\/vc_section][vc_section full_width=&#8220;stretch_row_content&#8220; bg_pos=&#8220;center-center&#8220; bg_parallax=&#8220;static&#8220; css=&#8220;.vc_custom_1600346537871{background-image: url(https:\/\/yacht-explorer.com\/wp-content\/uploads\/2020\/09\/mljet-sv-marija-ivo-biocina-1.jpg?id=10137) !important;}&#8220;][vc_row full_width=&#8220;stretch_row_content&#8220;][vc_column][vc_empty_space height=&#8220;100px&#8220;]<div class=\"ltx-content-width col-align-center\" id=\"like_sc_content_width_2060635688\" style=\"max-width: 1000px\"><div class=\"ltx-wrapper\"><div class=\"heading  default align-center color-white subcolor-white transform-default icon-type-default heading-tag-h2\" id=\"like_sc_header_278470279\"><h2 class=\"header ltx-sr-id-like_sc_header_2784702791506519387 ltx-sr ltx-sr-effect-fade_in ltx-sr-el-block ltx-sr-delay-0 ltx-sr-duration-1000 ltx-sr-sequences-0\">From this place with a short hike you can reach two pearls \u2013 the Large and Small Lakes, where you can hire a kayak and tour these karst phenomena, as well as the islet of Sveta Marija (Saint Mary) with a Benedictine monastery in the centre of the lake. However, if you are fascinated with Odysseus, multi-day tours can be organised which will circle the whole of Mljet and even sail to the surrounding archipelago.<\/h2><\/div><\/div><\/div>[vc_empty_space height=&#8220;170px&#8220;][\/vc_column][\/vc_row][\/vc_section][vc_section full_width=&#8220;stretch_row_content&#8220;][vc_row full_width=&#8220;stretch_row_content&#8220;][vc_column][vc_empty_space]<div class=\"ltx-content-width col-align-center\" id=\"like_sc_content_width_128134177\" style=\"max-width: 1000px\"><div class=\"ltx-wrapper\">[vc_column_text]<\/p>\n<p style=\"text-align: center\"><span style=\"font-size: 14pt\">Wenn man bedenkt, dass die Insel Mljet jahrhundertelang nach Dubrovnik zog, hat sie heute noch Verkehrsverbindungen zu diesem touristischen Mekka, abgesehen von der Bootsverbindung, die sie fast nichts anderes mit ihr teilt Die waldreichste Adria-Insel war n\u00e4mlich auch der erste erkl\u00e4rte Nationalpark, reich an Inselleben, mediterran entspannt und friedlich, etwas f\u00fcr sich. Wenn Sie also Lust auf ein Abenteuer durch unber\u00fchrte Natur haben, umgeben von Mythen, dann Mljet ist auf kroatische Weise Ihr El Dorado.<\/span><\/p>\n<p style=\"text-align: center\"><span style=\"font-size: 14pt\">Neben der reichen Vegetation, insbesondere einem der am besten erhaltenen W\u00e4lder von Aleppo-Kiefern und Eichen im Mittelmeerraum, hat diese Insel eine reich gegliederte K\u00fcste mit zahlreichen Buchten und Inselchen, H\u00f6hlen und Sandstr\u00e4nden, an denen Sie Ihr Kajak ziehen und parken k\u00f6nnen beanspruchen Sie ein St\u00fcck Schatten weit weg von der Hektik jeglicher Form des Massentourismus, der in Dubrovnik dominiert. Kein Wunder, dass Mljet in den letzten Jahren zu einem streng geh\u00fcteten Geheimnis f\u00fcr Kajakfahrer aus aller Welt geworden ist.<\/span><\/p>\n<p style=\"text-align: center\"><span style=\"font-size: 14pt\">Entdecken Sie neben der F\u00fclle an unglaublichen Sandstr\u00e4nden und unber\u00fchrter Natur die vielen \u00dcberreste, die eine Geschichte \u00fcber das Aufeinandertreffen der Kulturen auf dieser gr\u00fcnen Insel erz\u00e4hlen, auf der die Geschichte mit Legenden und Mythen verflochten ist. Eine der bekanntesten handelt von dem Abenteurer Odysseus, der auf seiner Reise mit der Nymphe Calypso auf Mljet blieb und der weltber\u00fchmten Odysseus-H\u00f6hle den Namen gab &#8211; einer geologischen Perle, die Sie mit ihrem Blau atemlos machen wird Ein unverzichtbarer Ort auf jeder Kajaktour. Was Mljet so au\u00dfergew\u00f6hnlich macht, ist auch die M\u00f6glichkeit ernsthafterer Touren, zum Beispiel ein entspanntes SUP-Paddel in der Bucht von Pola\u010de.<\/span><\/p>\n<div id=\"kpm-root\" class=\"kpm_LTR notranslate\"><\/div>\n<p>[\/vc_column_text]<\/div><\/div>[vc_empty_space][\/vc_column][\/vc_row][\/vc_section][vc_section full_width=&#8220;stretch_row_content&#8220; bg_pos=&#8220;center-center&#8220; bg_parallax=&#8220;static&#8220; css=&#8220;.vc_custom_1600346767456{background-image: url(https:\/\/yacht-explorer.com\/wp-content\/uploads\/2020\/09\/Mljet_ju\u017ena_obala-Aleksandar-Gospi\u0107.jpg?id=10141) !important;}&#8220;][vc_row full_width=&#8220;stretch_row_content&#8220;][vc_column][vc_empty_space height=&#8220;200px&#8220;]<div class=\"heading  default align-center color-white subcolor-white transform-default icon-type-default heading-tag-h2\" id=\"like_sc_header_1630873299\"><h2 class=\"header ltx-sr-id-like_sc_header_1630873299227852694 ltx-sr ltx-sr-effect-fade_in ltx-sr-el-block ltx-sr-delay-0 ltx-sr-duration-1000 ltx-sr-sequences-0\">Nacional Park Mljet<\/h2><\/div>[vc_empty_space height=&#8220;270px&#8220;][\/vc_column][\/vc_row][\/vc_section][vc_section full_width=&#8220;stretch_row_content&#8220;][vc_row full_width=&#8220;stretch_row_content&#8220;][vc_column][vc_empty_space]<div class=\"ltx-content-width col-align-center\" id=\"like_sc_content_width_1440867815\" style=\"max-width: 1000px\"><div class=\"ltx-wrapper\">[vc_column_text]<\/p>\n<p style=\"text-align: center\"><span style=\"font-size: 14pt\">Der Mljet-Nationalpark liegt auf der gleichnamigen Insel und ist das wichtigste Schutzgebiet des dalmatinischen S\u00fcdens. Der Park erstreckt sich \u00fcber den westlichen Teil der Insel, den viele als den verlockendsten an der Adria betrachten, voller \u00fcppiger und abwechslungsreicher mediterraner Vegetation. Der Park umfasst zwei tiefe Buchten, die aufgrund ihrer extrem engen Verbindung zum Meer als Seen angesehen und tats\u00e4chlich als Seen bezeichnet werden: der Gro\u00dfe See und der Kleine See. Mljet ist auch sehr reich an kulturellem Erbe. Das bekannteste Beispiel ist der Komplex des Benediktinerklosters aus dem 12. Jahrhundert. Das Kloster befindet sich auf einer kleinen Insel mitten im Gro\u00dfen See und befindet sich in einem \u00fcppigen Park. Im Laufe der Jahrhunderte wurden hier zahlreiche Chroniken, Dissertationen und andere literarische Werke geschrieben. Innerhalb des Klosters befindet sich die Marienkirche<\/span><\/p>\n<div id=\"kpm-root\" class=\"kpm_LTR notranslate\"><\/div>\n<p>[\/vc_column_text]<\/div><\/div>[vc_empty_space][\/vc_column][\/vc_row][\/vc_section][vc_section full_width=&#8220;stretch_row_content&#8220; bg_pos=&#8220;center-center&#8220; bg_parallax=&#8220;static&#8220; css=&#8220;.vc_custom_1600347180752{background-image: url(https:\/\/yacht-explorer.com\/wp-content\/uploads\/2020\/09\/aleksandar-gospic_mljet_soline.jpg?id=10144) !important;}&#8220;][vc_row full_width=&#8220;stretch_row_content&#8220;][vc_column][vc_empty_space height=&#8220;200px&#8220;]<div class=\"ltx-content-width col-align-center\" id=\"like_sc_content_width_741306839\"><div class=\"ltx-wrapper\"><div class=\"heading  default align-center color-white subcolor-white transform-default icon-type-default heading-tag-h2\" id=\"like_sc_header_1554293385\"><h2 class=\"header ltx-sr-id-like_sc_header_1554293385334876595 ltx-sr ltx-sr-effect-fade_in ltx-sr-el-block ltx-sr-delay-0 ltx-sr-duration-1000 ltx-sr-sequences-0\">A hilly green island<\/h2><\/div><\/div><\/div>[vc_empty_space height=&#8220;270px&#8220;][\/vc_column][\/vc_row][\/vc_section][vc_section full_width=&#8220;stretch_row_content&#8220;][vc_row full_width=&#8220;stretch_row_content&#8220;][vc_column][vc_empty_space]<div class=\"ltx-content-width col-align-center\" id=\"like_sc_content_width_2088959566\" style=\"max-width: 1000px\"><div class=\"ltx-wrapper\">[vc_column_text]<\/p>\n<p style=\"text-align: center\"><span style=\"font-size: 14pt\">Wie bei vielen adriatischen Inseln weist Mljet steile, unzug\u00e4ngliche Teile der K\u00fcste auf, in denen viele interessante historische Geschichten und Legenden geboren wurden. Wie bei vielen adriatischen Inseln weist Mljet steile, unzug\u00e4ngliche Teile der K\u00fcste auf, in denen viele interessante historische Geschichten und Legenden geboren wurden. Nat\u00fcrlich basiert dieses Ereignis, das im ber\u00fchmten Homer-Epos festgehalten ist, m\u00f6glicherweise nicht auf wahren historischen Ereignissen, aber es spielt keine gro\u00dfe Rolle &#8211; auch ohne es ist Mljet eine besondere Insel, die sich hervorragend als Heimat eines Epos eignet Held. Hervorragende Natur, kristallklares Meer, Seen, Inseln und ein reiches kulturelles Erbe machen Mljet zu einer einzigartigen Perle der Adriak\u00fcste<\/span><\/p>\n<div class=\"col-sm-12\">\n<div class=\"text text-left\">\n<p style=\"text-align: center\"><span style=\"font-size: 14pt\">Mljet ist die s\u00fcdlichste gro\u00dfe kroatische Insel. Es befindet sich in unmittelbarer N\u00e4he der Stadt Dubrovnik, der Insel Kor\u010dula und der Elafiti-Inseln und ist nur durch den Mljet-Kanal von der Halbinsel Pelje\u0161ac getrennt. Die h\u00f6chste Bergspitze ist die 514 Meter hohe Gro\u00dfstadt, und es gibt ein Dutzend anderer Gipfel, die h\u00f6her als 300 Meter sind. Es gibt viele gr\u00f6\u00dfere Karstt\u00e4ler und Felder auf der Insel und einige hundert kleinere. Die Insel bietet ideale M\u00f6glichkeiten zum Bergsteigen und ein Bergpfad erstreckt sich \u00fcber die gesamte Insel.<\/span><\/p>\n<p style=\"text-align: center\"><span style=\"font-size: 14pt\">Obwohl Mljet wie alle unsere Inseln karstig ist, wurde es aufgrund seiner reichen und vielf\u00e4ltigen mediterranen Vegetation als \u201edie gr\u00fcnste kroatische Insel\u201c bezeichnet. Das mediterrane Klima mit trockenen Sommern und milden Wintern und ungef\u00e4hr 2500 Sonnenstunden pro Jahr bietet ideale Bedingungen f\u00fcr die Vegetation.<\/span><\/p>\n<\/div>\n<\/div>\n<div id=\"kpm-root\" class=\"kpm_LTR notranslate\"><\/div>\n<div id=\"kpm-root\" class=\"kpm_LTR notranslate\"><\/div>\n<p>[\/vc_column_text]<\/div><\/div>[vc_empty_space][\/vc_column][\/vc_row][vc_row][vc_column][vc_empty_space height=&#8220;50px&#8220;][\/vc_column][\/vc_row][\/vc_section][vc_section full_width=&#8220;stretch_row_content&#8220; bg_pos=&#8220;center-center&#8220; bg_parallax=&#8220;static&#8220; css=&#8220;.vc_custom_1600347605992{background-image: url(https:\/\/yacht-explorer.com\/wp-content\/uploads\/2020\/09\/mljet-sv-marija-ivo-biocina-1_1.jpg?id=10147) !important;}&#8220;][vc_row full_width=&#8220;stretch_row_content&#8220;][vc_column][vc_empty_space height=&#8220;500px&#8220;][\/vc_column][\/vc_row][\/vc_section][vc_section full_width=&#8220;stretch_row_content&#8220;][vc_row full_width=&#8220;stretch_row_content&#8220;][vc_column][vc_empty_space]<div class=\"ltx-content-width col-align-center\" id=\"like_sc_content_width_1423884985\" style=\"max-width: 1000px\"><div class=\"ltx-wrapper\">[vc_column_text]<\/p>\n<p style=\"text-align: center\"><span style=\"font-size: 14pt\">Der attraktivste Teil der Insel ist definitiv der nordwestliche Teil, der 1960 als Nationalpark gesch\u00fctzt wurde. Die Gr\u00fcnde f\u00fcr die Umwandlung in einen Nationalpark waren sein au\u00dfergew\u00f6hnliches historisches Erbe mit vielen Spuren des illyrischen Stammes, des R\u00f6mischen Reiches und Epochen der Republik Dubrovnik. Ein weiterer Grund waren die einzigartigen Seen, die \u00fcppige Vegetation und das einzigartige Panorama der eingedr\u00fcckten K\u00fcsten, Klippen, Felsen und zahlreichen Inseln sowie die immergr\u00fcne Vegetation der umliegenden H\u00fcgel, die sich steil \u00fcber der Meeresoberfl\u00e4che errichteten und zahlreiche Karstfelder und alte Karst versteckten Siedlungen. Zwei einzigartige Meeresbuchten waren einst S\u00fc\u00dfwasserseen, bis sie zu Beginn der christlichen \u00c4ra mit einer engen Meerenge verbunden waren. Obwohl diese Buchten tief und mit Meer gef\u00fcllt sind, scheinen sie eher wie Seen zu sein, und die lokale Bev\u00f6lkerung kennt diese daher als Seen. Inmitten des Gro\u00dfen Sees befindet sich die malerische kleine Insel St. Mary mit einer Kirche und einem Kloster, die im 12. <sup>Jahrhundert<\/sup>von den Benediktinern aus Monte Gargano in Italien an dieser Stelle errichtet wurden. Die Seen sind besonders gut von den H\u00fcgeln aus zu sehen, wobei die sch\u00f6nsten Aussichten von den Gipfeln Montokuca und Gradine aus zu sehen sind. Dazu f\u00fchren gut beleuchtete Wander- und Bergpfade.<\/span><\/p>\n<p style=\"text-align: center\"><span style=\"font-size: 14pt\">Es gibt interessante Orte au\u00dferhalb der Grenzen des Nationalparks &#8211; im mittleren s\u00fcdlichen Teil der Mljet-K\u00fcste befindet sich die H\u00f6hle von Odyssey &#8211; eine Karsth\u00f6hle, deren Decke zusammengebrochen ist und die eher wie eine Grube oder ein gro\u00dfer Brunnen aussieht. Sein Grund ist mit Meerwasser gef\u00fcllt, da die H\u00f6hle durch einen nat\u00fcrlichen Tunnel mit dem Meer verbunden ist. Der Zugang zu dieser H\u00f6hle beginnt in Babino Polje. Der obere Teil von Babino Polje ist der Ausgangspunkt des Bergpfades, der zum h\u00f6chsten Inselgipfel, Veliki grad, f\u00fchrt und in anderthalb Stunden zu Fu\u00df erreichbar ist.<\/span><\/p>\n<div id=\"kpm-root\" class=\"kpm_LTR notranslate\"><\/div>\n<div id=\"kpm-root\" class=\"kpm_LTR notranslate\"><\/div>\n<p>[\/vc_column_text]<\/div><\/div>[vc_empty_space][\/vc_column][\/vc_row][\/vc_section][vc_section full_width=&#8220;stretch_row_content&#8220; bg_pos=&#8220;center-center&#8220; bg_parallax=&#8220;static&#8220; css=&#8220;.vc_custom_1600347875328{background-image: url(https:\/\/yacht-explorer.com\/wp-content\/uploads\/2020\/09\/03_Vidik-s-Montokuca-na-Veliko-jezero-2-Alan-\u010caplar1200.jpg?id=10149) !important;}&#8220;][vc_row full_width=&#8220;stretch_row_content&#8220;][vc_column][vc_empty_space height=&#8220;500px&#8220;][\/vc_column][\/vc_row][\/vc_section][vc_section full_width=&#8220;stretch_row_content&#8220;][vc_row full_width=&#8220;stretch_row_content&#8220;][vc_column][vc_empty_space]<div class=\"ltx-content-width col-align-center\" id=\"like_sc_content_width_847478237\" style=\"max-width: 1000px\"><div class=\"ltx-wrapper\">[vc_column_text]<\/p>\n<div class=\"col-sm-12\">\n<div class=\"text text-left\">\n<p style=\"text-align: center\"><span style=\"font-size: 14pt\">Als Heimat vieler aufregender Legenden und als Insel von aufregender Natur verdient es Mljet, als Perle der Adriak\u00fcste bezeichnet zu werden. Es ist schwierig, die genaue Grenze zwischen der Realit\u00e4t und dem Mythos zu unterscheiden, und alles zu entdecken, was diese Insel auf Lager hat, ist eine aufregende Reise, auf der diese Grenze nicht wirklich wichtig ist.<\/span><\/p>\n<\/div>\n<\/div>\n<div id=\"kpm-root\" class=\"kpm_LTR notranslate\"><\/div>\n<div id=\"kpm-root\" class=\"kpm_LTR notranslate\"><\/div>\n<p>[\/vc_column_text]<\/div><\/div>[vc_empty_space][\/vc_column][\/vc_row][vc_row][vc_column][vc_empty_space height=&#8220;50px&#8220;][\/vc_column][\/vc_row][\/vc_section][vc_section full_width=&#8220;stretch_row_content&#8220;][vc_row full_width=&#8220;stretch_row_content&#8220;][vc_column][vc_column_text]<style>#jtg-10153 .modula-item .jtg-social a, .lightbox-socials.jtg-social a{ fill: #ffffff; color: #ffffff }#jtg-10153 .modula-item .jtg-social-mobile a{ fill: #ffffff; color: #ffffff }#jtg-10153 .modula-item .jtg-social svg, .lightbox-socials.jtg-social svg { height: 16px; width: 16px }#jtg-10153 .modula-item .jtg-social-mobile svg { height: 16px; width: 16px }#jtg-10153 .modula-item .jtg-social a:not(:last-child), .lightbox-socials.jtg-social a:not(:last-child) { margin-right: 10px }#jtg-10153 .modula-item .jtg-social-mobile .jtg-social-mobile-icons a:not(:last-child){ margin-right: 10px }#jtg-10153 .modula-item .figc {color:#ffffff;}#jtg-10153 .modula-item .modula-item-content { transform: scale(1) }#jtg-10153 { width:100%;}#jtg-10153 .modula-items{height:800px;}@media screen and (max-width: 992px) {#jtg-10153 .modula-items{height:800px;}}@media screen and (max-width: 768px) {#jtg-10153 .modula-items{height:800px;}}#jtg-10153 .modula-items .figc p.description { font-size:14px; }#jtg-10153 .modula-items .figc p.description { color:#ffffff;}#jtg-10153.modula-gallery .modula-item > a, #jtg-10153.modula-gallery .modula-item, #jtg-10153.modula-gallery .modula-item-content > a:not(.modula-no-follow) { cursor:zoom-in; } #jtg-10153.modula-gallery .modula-item-content .modula-no-follow { cursor: default; } @media screen and (max-width:480px){#jtg-10153 .modula-item .figc .jtg-title {  font-size: 12px; }#jtg-10153 .modula-items .figc p.description { color:#ffffff;font-size:10px; }}<\/style>\n<!-- Gallery Container -->\n<div  id=\"jtg-10153\" class=\"modula modula-gallery modula-creative-gallery\" data-config=\"{&quot;height&quot;:800,&quot;tabletHeight&quot;:800,&quot;mobileHeight&quot;:800,&quot;desktopHeight&quot;:800,&quot;enableTwitter&quot;:true,&quot;enableWhatsapp&quot;:false,&quot;enableFacebook&quot;:true,&quot;enablePinterest&quot;:true,&quot;enableLinkedin&quot;:true,&quot;enableEmail&quot;:false,&quot;randomFactor&quot;:0.5,&quot;type&quot;:&quot;creative-gallery&quot;,&quot;columns&quot;:12,&quot;gutter&quot;:10,&quot;mobileGutter&quot;:10,&quot;tabletGutter&quot;:10,&quot;desktopGutter&quot;:10,&quot;enableResponsive&quot;:&quot;0&quot;,&quot;tabletColumns&quot;:&quot;2&quot;,&quot;mobileColumns&quot;:&quot;1&quot;,&quot;lazyLoad&quot;:&quot;0&quot;,&quot;lightboxOpts&quot;:{&quot;animated&quot;:true,&quot;Thumbs&quot;:{&quot;type&quot;:&quot;modern&quot;,&quot;showOnStart&quot;:false},&quot;Toolbar&quot;:{&quot;display&quot;:{&quot;right&quot;:[&quot;close&quot;]},&quot;enabled&quot;:true},&quot;Carousel&quot;:{&quot;Panzoom&quot;:{&quot;touch&quot;:false},&quot;infinite&quot;:false},&quot;keyboard&quot;:{&quot;Escape&quot;:&quot;close&quot;,&quot;Delete&quot;:&quot;close&quot;,&quot;Backspace&quot;:&quot;close&quot;,&quot;PageUp&quot;:false,&quot;PageDown&quot;:false,&quot;ArrowUp&quot;:false,&quot;ArrowDown&quot;:false,&quot;ArrowRight&quot;:false,&quot;ArrowLeft&quot;:false},&quot;touch&quot;:false,&quot;backdropClick&quot;:false,&quot;l10n&quot;:{&quot;CLOSE&quot;:&quot;Close&quot;,&quot;NEXT&quot;:&quot;Next&quot;,&quot;PREV&quot;:&quot;Previous&quot;,&quot;Error&quot;:&quot;The requested content cannot be loaded. Please try again later.&quot;,&quot;PLAY_START&quot;:&quot;Start slideshow&quot;,&quot;PLAY_STOP&quot;:&quot;Pause slideshow&quot;,&quot;FULL_SCREEN&quot;:&quot;Full screen&quot;,&quot;THUMBS&quot;:&quot;Thumbnails&quot;,&quot;DOWNLOAD&quot;:&quot;Download&quot;,&quot;SHARE&quot;:&quot;Share&quot;,&quot;ZOOM&quot;:&quot;Zoom&quot;,&quot;EMAIL&quot;:&quot;Here is the link to the image : %%image_link%% and this is the link to the gallery : %%gallery_link%%&quot;,&quot;MODAL&quot;:&quot;You can close this modal content with the ESC key&quot;,&quot;ERROR&quot;:&quot;Something Went Wrong, Please Try Again Later&quot;,&quot;IMAGE_ERROR&quot;:&quot;Image Not Found&quot;,&quot;ELEMENT_NOT_FOUND&quot;:&quot;HTML Element Not Found&quot;,&quot;AJAX_NOT_FOUND&quot;:&quot;Error Loading AJAX : Not Found&quot;,&quot;AJAX_FORBIDDEN&quot;:&quot;Error Loading AJAX : Forbidden&quot;,&quot;IFRAME_ERROR&quot;:&quot;Error Loading Page&quot;,&quot;TOGGLE_ZOOM&quot;:&quot;Toggle zoom level&quot;,&quot;TOGGLE_THUMBS&quot;:&quot;Toggle thumbnails&quot;,&quot;TOGGLE_SLIDESHOW&quot;:&quot;Toggle slideshow&quot;,&quot;TOGGLE_FULLSCREEN&quot;:&quot;Toggle full-screen mode&quot;},&quot;Images&quot;:{&quot;Panzoom&quot;:{&quot;maxScale&quot;:2}},&quot;mainClass&quot;:&quot;modula-fancybox-container modula-lightbox-jtg-10153&quot;,&quot;Html&quot;:{&quot;videoAutoplay&quot;:0,&quot;videoTpl&quot;:&quot;&lt;video class=\\&quot;fancybox__html5video\\&quot; controls muted playsinline controlsList controlsList=\\&quot;nodownload\\&quot; poster=\\&quot;{{poster}}\\&quot; src=\\&quot;{{src}}\\&quot; type=\\&quot;{{format}}\\&quot; &gt;  Sorry, your browser doesn&#039;t support embedded videos, &lt;a href=\\&quot;{{src}}\\&quot;&gt; download &lt;\\\/a&gt; and watch with your favorite video player! &lt;\\\/video&gt;&quot;}},&quot;inView&quot;:false,&quot;email_subject&quot;:&quot;Check out this awesome image !!&quot;,&quot;email_message&quot;:&quot;Here is the link to the image : %%image_link%% and this is the link to the gallery : %%gallery_link%% &quot;,&quot;lightbox&quot;:&quot;fancybox&quot;}\">\n\n\t\n\t<!-- Items Container -->\n\t<div  class=\"modula-items\">\n\t\t<div class=\"modula-item effect-pufrobo\" >\n\t<div class=\"modula-item-overlay\"><\/div>\n\n\t<div class=\"modula-item-content\">\n\n\t\t\t\t\n\t\t\t\t\t<a data-image-id=\"10154\" tabindex=\"0\" rel=\"jtg-10153\" data-caption=\"\" aria-label=\"Open image in lightbox\" role=\"button\" class=\"tile-inner modula-item-link\"><\/a>\n\t\t\n\t\t<img loading=\"lazy\" decoding=\"async\" class=\"pic wp-image-10154\"  data-valign=\"middle\" data-halign=\"center\" alt=\"\" data-full=\"https:\/\/yacht-explorer.com\/wp-content\/uploads\/2018\/11\/02_Vidik-s-Montokuca-na-Veliko-jezero-1-Alan-\u010caplar1200.jpg\" title=\"02_Vidik-s-Montokuca-na-Veliko-jezero-1---Alan-\u010caplar1200\" width=\"300\" height=\"147\" src=\"https:\/\/yacht-explorer.com\/wp-content\/uploads\/2018\/11\/02_Vidik-s-Montokuca-na-Veliko-jezero-1-Alan-\u010caplar1200-300x147.jpg\" data-src=\"https:\/\/yacht-explorer.com\/wp-content\/uploads\/2018\/11\/02_Vidik-s-Montokuca-na-Veliko-jezero-1-Alan-\u010caplar1200-300x147.jpg\" data-caption=\"\" srcset=\"https:\/\/yacht-explorer.com\/wp-content\/uploads\/2018\/11\/02_Vidik-s-Montokuca-na-Veliko-jezero-1-Alan-\u010caplar1200.jpg 1140w, https:\/\/yacht-explorer.com\/wp-content\/uploads\/2018\/11\/02_Vidik-s-Montokuca-na-Veliko-jezero-1-Alan-\u010caplar1200-300x147.jpg 300w, https:\/\/yacht-explorer.com\/wp-content\/uploads\/2018\/11\/02_Vidik-s-Montokuca-na-Veliko-jezero-1-Alan-\u010caplar1200-1024x501.jpg 1024w, https:\/\/yacht-explorer.com\/wp-content\/uploads\/2018\/11\/02_Vidik-s-Montokuca-na-Veliko-jezero-1-Alan-\u010caplar1200-768x376.jpg 768w, https:\/\/yacht-explorer.com\/wp-content\/uploads\/2018\/11\/02_Vidik-s-Montokuca-na-Veliko-jezero-1-Alan-\u010caplar1200-125x61.jpg 125w\" sizes=\"auto, (max-width: 300px) 100vw, 300px\" \/>\n\t\t<div class=\"figc no-description\">\n\t\t\t<div class=\"figc-inner\">\n\t\t\t\t\t\t\t\t\t\t\t\t\t\t\t<\/div>\n\t\t<\/div>\n\n\t<\/div>\n\n<\/div><div class=\"modula-item effect-pufrobo\" >\n\t<div class=\"modula-item-overlay\"><\/div>\n\n\t<div class=\"modula-item-content\">\n\n\t\t\t\t\n\t\t\t\t\t<a data-image-id=\"10155\" tabindex=\"0\" rel=\"jtg-10153\" data-caption=\"\" aria-label=\"Open image in lightbox\" role=\"button\" class=\"tile-inner modula-item-link\"><\/a>\n\t\t\n\t\t<img loading=\"lazy\" decoding=\"async\" class=\"pic wp-image-10155\"  data-valign=\"middle\" data-halign=\"center\" alt=\"\" data-full=\"https:\/\/yacht-explorer.com\/wp-content\/uploads\/2018\/11\/03_Vidik-s-Montokuca-na-Veliko-jezero-2-Alan-\u010caplar1200.jpg\" title=\"03_Vidik-s-Montokuca-na-Veliko-jezero-2---Alan-\u010caplar1200\" width=\"300\" height=\"147\" src=\"https:\/\/yacht-explorer.com\/wp-content\/uploads\/2018\/11\/03_Vidik-s-Montokuca-na-Veliko-jezero-2-Alan-\u010caplar1200-300x147.jpg\" data-src=\"https:\/\/yacht-explorer.com\/wp-content\/uploads\/2018\/11\/03_Vidik-s-Montokuca-na-Veliko-jezero-2-Alan-\u010caplar1200-300x147.jpg\" data-caption=\"\" srcset=\"https:\/\/yacht-explorer.com\/wp-content\/uploads\/2018\/11\/03_Vidik-s-Montokuca-na-Veliko-jezero-2-Alan-\u010caplar1200.jpg 1140w, https:\/\/yacht-explorer.com\/wp-content\/uploads\/2018\/11\/03_Vidik-s-Montokuca-na-Veliko-jezero-2-Alan-\u010caplar1200-300x147.jpg 300w, https:\/\/yacht-explorer.com\/wp-content\/uploads\/2018\/11\/03_Vidik-s-Montokuca-na-Veliko-jezero-2-Alan-\u010caplar1200-1024x501.jpg 1024w, https:\/\/yacht-explorer.com\/wp-content\/uploads\/2018\/11\/03_Vidik-s-Montokuca-na-Veliko-jezero-2-Alan-\u010caplar1200-768x376.jpg 768w, https:\/\/yacht-explorer.com\/wp-content\/uploads\/2018\/11\/03_Vidik-s-Montokuca-na-Veliko-jezero-2-Alan-\u010caplar1200-125x61.jpg 125w\" sizes=\"auto, (max-width: 300px) 100vw, 300px\" \/>\n\t\t<div class=\"figc no-description\">\n\t\t\t<div class=\"figc-inner\">\n\t\t\t\t\t\t\t\t\t\t\t\t\t\t\t<\/div>\n\t\t<\/div>\n\n\t<\/div>\n\n<\/div><div class=\"modula-item effect-pufrobo\" >\n\t<div class=\"modula-item-overlay\"><\/div>\n\n\t<div class=\"modula-item-content\">\n\n\t\t\t\t\n\t\t\t\t\t<a data-image-id=\"10156\" tabindex=\"0\" rel=\"jtg-10153\" data-caption=\"\" aria-label=\"Open image in lightbox\" role=\"button\" class=\"tile-inner modula-item-link\"><\/a>\n\t\t\n\t\t<img loading=\"lazy\" decoding=\"async\" class=\"pic wp-image-10156\"  data-valign=\"middle\" data-halign=\"center\" alt=\"\" data-full=\"https:\/\/yacht-explorer.com\/wp-content\/uploads\/2018\/11\/aleksandar-gospic_mljet_soline.jpg\" title=\"aleksandar-gospic_mljet_soline\" width=\"300\" height=\"169\" src=\"https:\/\/yacht-explorer.com\/wp-content\/uploads\/2018\/11\/aleksandar-gospic_mljet_soline-300x169.jpg\" data-src=\"https:\/\/yacht-explorer.com\/wp-content\/uploads\/2018\/11\/aleksandar-gospic_mljet_soline-300x169.jpg\" data-caption=\"\" srcset=\"https:\/\/yacht-explorer.com\/wp-content\/uploads\/2018\/11\/aleksandar-gospic_mljet_soline.jpg 1600w, https:\/\/yacht-explorer.com\/wp-content\/uploads\/2018\/11\/aleksandar-gospic_mljet_soline-300x169.jpg 300w, https:\/\/yacht-explorer.com\/wp-content\/uploads\/2018\/11\/aleksandar-gospic_mljet_soline-1024x576.jpg 1024w, https:\/\/yacht-explorer.com\/wp-content\/uploads\/2018\/11\/aleksandar-gospic_mljet_soline-768x432.jpg 768w, https:\/\/yacht-explorer.com\/wp-content\/uploads\/2018\/11\/aleksandar-gospic_mljet_soline-1536x864.jpg 1536w, https:\/\/yacht-explorer.com\/wp-content\/uploads\/2018\/11\/aleksandar-gospic_mljet_soline-125x70.jpg 125w\" sizes=\"auto, (max-width: 300px) 100vw, 300px\" \/>\n\t\t<div class=\"figc no-description\">\n\t\t\t<div class=\"figc-inner\">\n\t\t\t\t\t\t\t\t\t\t\t\t\t\t\t<\/div>\n\t\t<\/div>\n\n\t<\/div>\n\n<\/div><div class=\"modula-item effect-pufrobo\" >\n\t<div class=\"modula-item-overlay\"><\/div>\n\n\t<div class=\"modula-item-content\">\n\n\t\t\t\t\n\t\t\t\t\t<a data-image-id=\"10157\" tabindex=\"0\" rel=\"jtg-10153\" data-caption=\"\" aria-label=\"Open image in lightbox\" role=\"button\" class=\"tile-inner modula-item-link\"><\/a>\n\t\t\n\t\t<img loading=\"lazy\" decoding=\"async\" class=\"pic wp-image-10157\"  data-valign=\"middle\" data-halign=\"center\" alt=\"\" data-full=\"https:\/\/yacht-explorer.com\/wp-content\/uploads\/2018\/11\/babino-polje-4-alan-caplar.jpg\" title=\"babino-polje-4-alan-caplar\" width=\"300\" height=\"169\" src=\"https:\/\/yacht-explorer.com\/wp-content\/uploads\/2018\/11\/babino-polje-4-alan-caplar-300x169.jpg\" data-src=\"https:\/\/yacht-explorer.com\/wp-content\/uploads\/2018\/11\/babino-polje-4-alan-caplar-300x169.jpg\" data-caption=\"\" srcset=\"https:\/\/yacht-explorer.com\/wp-content\/uploads\/2018\/11\/babino-polje-4-alan-caplar.jpg 1600w, https:\/\/yacht-explorer.com\/wp-content\/uploads\/2018\/11\/babino-polje-4-alan-caplar-300x169.jpg 300w, https:\/\/yacht-explorer.com\/wp-content\/uploads\/2018\/11\/babino-polje-4-alan-caplar-1024x576.jpg 1024w, https:\/\/yacht-explorer.com\/wp-content\/uploads\/2018\/11\/babino-polje-4-alan-caplar-768x432.jpg 768w, https:\/\/yacht-explorer.com\/wp-content\/uploads\/2018\/11\/babino-polje-4-alan-caplar-1536x864.jpg 1536w, https:\/\/yacht-explorer.com\/wp-content\/uploads\/2018\/11\/babino-polje-4-alan-caplar-125x70.jpg 125w\" sizes=\"auto, (max-width: 300px) 100vw, 300px\" \/>\n\t\t<div class=\"figc no-description\">\n\t\t\t<div class=\"figc-inner\">\n\t\t\t\t\t\t\t\t\t\t\t\t\t\t\t<\/div>\n\t\t<\/div>\n\n\t<\/div>\n\n<\/div><div class=\"modula-item effect-pufrobo\" >\n\t<div class=\"modula-item-overlay\"><\/div>\n\n\t<div class=\"modula-item-content\">\n\n\t\t\t\t\n\t\t\t\t\t<a data-image-id=\"10158\" tabindex=\"0\" rel=\"jtg-10153\" data-caption=\"\" aria-label=\"Open image in lightbox\" role=\"button\" class=\"tile-inner modula-item-link\"><\/a>\n\t\t\n\t\t<img loading=\"lazy\" decoding=\"async\" class=\"pic wp-image-10158\"  data-valign=\"middle\" data-halign=\"center\" alt=\"\" data-full=\"https:\/\/yacht-explorer.com\/wp-content\/uploads\/2018\/11\/Mljet_ju\u017ena_obala-Aleksandar-Gospi\u0107.jpg\" title=\"Mljet,_ju\u017ena_obala-Aleksandar-Gospi\u0107\" width=\"300\" height=\"169\" src=\"https:\/\/yacht-explorer.com\/wp-content\/uploads\/2018\/11\/Mljet_ju\u017ena_obala-Aleksandar-Gospi\u0107-300x169.jpg\" data-src=\"https:\/\/yacht-explorer.com\/wp-content\/uploads\/2018\/11\/Mljet_ju\u017ena_obala-Aleksandar-Gospi\u0107-300x169.jpg\" data-caption=\"\" srcset=\"https:\/\/yacht-explorer.com\/wp-content\/uploads\/2018\/11\/Mljet_ju\u017ena_obala-Aleksandar-Gospi\u0107.jpg 1600w, https:\/\/yacht-explorer.com\/wp-content\/uploads\/2018\/11\/Mljet_ju\u017ena_obala-Aleksandar-Gospi\u0107-300x169.jpg 300w, https:\/\/yacht-explorer.com\/wp-content\/uploads\/2018\/11\/Mljet_ju\u017ena_obala-Aleksandar-Gospi\u0107-1024x576.jpg 1024w, https:\/\/yacht-explorer.com\/wp-content\/uploads\/2018\/11\/Mljet_ju\u017ena_obala-Aleksandar-Gospi\u0107-768x432.jpg 768w, https:\/\/yacht-explorer.com\/wp-content\/uploads\/2018\/11\/Mljet_ju\u017ena_obala-Aleksandar-Gospi\u0107-1536x864.jpg 1536w, https:\/\/yacht-explorer.com\/wp-content\/uploads\/2018\/11\/Mljet_ju\u017ena_obala-Aleksandar-Gospi\u0107-125x70.jpg 125w\" sizes=\"auto, (max-width: 300px) 100vw, 300px\" \/>\n\t\t<div class=\"figc no-description\">\n\t\t\t<div class=\"figc-inner\">\n\t\t\t\t\t\t\t\t\t\t\t\t\t\t\t<\/div>\n\t\t<\/div>\n\n\t<\/div>\n\n<\/div><div class=\"modula-item effect-pufrobo\" >\n\t<div class=\"modula-item-overlay\"><\/div>\n\n\t<div class=\"modula-item-content\">\n\n\t\t\t\t\n\t\t\t\t\t<a data-image-id=\"10159\" tabindex=\"0\" rel=\"jtg-10153\" data-caption=\"\" aria-label=\"Open image in lightbox\" role=\"button\" class=\"tile-inner modula-item-link\"><\/a>\n\t\t\n\t\t<img loading=\"lazy\" decoding=\"async\" class=\"pic wp-image-10159\"  data-valign=\"middle\" data-halign=\"center\" alt=\"\" data-full=\"https:\/\/yacht-explorer.com\/wp-content\/uploads\/2018\/11\/mljet_shutterstock_133569053.jpg\" title=\"mljet_shutterstock_133569053\" width=\"300\" height=\"169\" src=\"https:\/\/yacht-explorer.com\/wp-content\/uploads\/2018\/11\/mljet_shutterstock_133569053-300x169.jpg\" data-src=\"https:\/\/yacht-explorer.com\/wp-content\/uploads\/2018\/11\/mljet_shutterstock_133569053-300x169.jpg\" data-caption=\"\" srcset=\"https:\/\/yacht-explorer.com\/wp-content\/uploads\/2018\/11\/mljet_shutterstock_133569053.jpg 1600w, https:\/\/yacht-explorer.com\/wp-content\/uploads\/2018\/11\/mljet_shutterstock_133569053-300x169.jpg 300w, https:\/\/yacht-explorer.com\/wp-content\/uploads\/2018\/11\/mljet_shutterstock_133569053-1024x576.jpg 1024w, https:\/\/yacht-explorer.com\/wp-content\/uploads\/2018\/11\/mljet_shutterstock_133569053-768x432.jpg 768w, https:\/\/yacht-explorer.com\/wp-content\/uploads\/2018\/11\/mljet_shutterstock_133569053-1536x864.jpg 1536w, https:\/\/yacht-explorer.com\/wp-content\/uploads\/2018\/11\/mljet_shutterstock_133569053-125x70.jpg 125w\" sizes=\"auto, (max-width: 300px) 100vw, 300px\" \/>\n\t\t<div class=\"figc no-description\">\n\t\t\t<div class=\"figc-inner\">\n\t\t\t\t\t\t\t\t\t\t\t\t\t\t\t<\/div>\n\t\t<\/div>\n\n\t<\/div>\n\n<\/div><div class=\"modula-item effect-pufrobo\" >\n\t<div class=\"modula-item-overlay\"><\/div>\n\n\t<div class=\"modula-item-content\">\n\n\t\t\t\t\n\t\t\t\t\t<a data-image-id=\"10160\" tabindex=\"0\" rel=\"jtg-10153\" data-caption=\"\" aria-label=\"Open image in lightbox\" role=\"button\" class=\"tile-inner modula-item-link\"><\/a>\n\t\t\n\t\t<img loading=\"lazy\" decoding=\"async\" class=\"pic wp-image-10160\"  data-valign=\"middle\" data-halign=\"center\" alt=\"\" data-full=\"https:\/\/yacht-explorer.com\/wp-content\/uploads\/2018\/11\/mljet_shutterstock_133569071.jpg\" title=\"mljet_shutterstock_133569071\" width=\"300\" height=\"169\" src=\"https:\/\/yacht-explorer.com\/wp-content\/uploads\/2018\/11\/mljet_shutterstock_133569071-300x169.jpg\" data-src=\"https:\/\/yacht-explorer.com\/wp-content\/uploads\/2018\/11\/mljet_shutterstock_133569071-300x169.jpg\" data-caption=\"\" srcset=\"https:\/\/yacht-explorer.com\/wp-content\/uploads\/2018\/11\/mljet_shutterstock_133569071.jpg 1600w, https:\/\/yacht-explorer.com\/wp-content\/uploads\/2018\/11\/mljet_shutterstock_133569071-300x169.jpg 300w, https:\/\/yacht-explorer.com\/wp-content\/uploads\/2018\/11\/mljet_shutterstock_133569071-1024x576.jpg 1024w, https:\/\/yacht-explorer.com\/wp-content\/uploads\/2018\/11\/mljet_shutterstock_133569071-768x432.jpg 768w, https:\/\/yacht-explorer.com\/wp-content\/uploads\/2018\/11\/mljet_shutterstock_133569071-1536x864.jpg 1536w, https:\/\/yacht-explorer.com\/wp-content\/uploads\/2018\/11\/mljet_shutterstock_133569071-125x70.jpg 125w\" sizes=\"auto, (max-width: 300px) 100vw, 300px\" \/>\n\t\t<div class=\"figc no-description\">\n\t\t\t<div class=\"figc-inner\">\n\t\t\t\t\t\t\t\t\t\t\t\t\t\t\t<\/div>\n\t\t<\/div>\n\n\t<\/div>\n\n<\/div><div class=\"modula-item effect-pufrobo\" >\n\t<div class=\"modula-item-overlay\"><\/div>\n\n\t<div class=\"modula-item-content\">\n\n\t\t\t\t\n\t\t\t\t\t<a data-image-id=\"10161\" tabindex=\"0\" rel=\"jtg-10153\" data-caption=\"\" aria-label=\"Open image in lightbox\" role=\"button\" class=\"tile-inner modula-item-link\"><\/a>\n\t\t\n\t\t<img loading=\"lazy\" decoding=\"async\" class=\"pic wp-image-10161\"  data-valign=\"middle\" data-halign=\"center\" alt=\"\" data-full=\"https:\/\/yacht-explorer.com\/wp-content\/uploads\/2018\/11\/mljet-ivo-biocina.jpg\" title=\"mljet--ivo-biocina\" width=\"300\" height=\"169\" src=\"https:\/\/yacht-explorer.com\/wp-content\/uploads\/2018\/11\/mljet-ivo-biocina-300x169.jpg\" data-src=\"https:\/\/yacht-explorer.com\/wp-content\/uploads\/2018\/11\/mljet-ivo-biocina-300x169.jpg\" data-caption=\"\" srcset=\"https:\/\/yacht-explorer.com\/wp-content\/uploads\/2018\/11\/mljet-ivo-biocina.jpg 1600w, https:\/\/yacht-explorer.com\/wp-content\/uploads\/2018\/11\/mljet-ivo-biocina-300x169.jpg 300w, https:\/\/yacht-explorer.com\/wp-content\/uploads\/2018\/11\/mljet-ivo-biocina-1024x576.jpg 1024w, https:\/\/yacht-explorer.com\/wp-content\/uploads\/2018\/11\/mljet-ivo-biocina-768x432.jpg 768w, https:\/\/yacht-explorer.com\/wp-content\/uploads\/2018\/11\/mljet-ivo-biocina-1536x864.jpg 1536w, https:\/\/yacht-explorer.com\/wp-content\/uploads\/2018\/11\/mljet-ivo-biocina-125x70.jpg 125w\" sizes=\"auto, (max-width: 300px) 100vw, 300px\" \/>\n\t\t<div class=\"figc no-description\">\n\t\t\t<div class=\"figc-inner\">\n\t\t\t\t\t\t\t\t\t\t\t\t\t\t\t<\/div>\n\t\t<\/div>\n\n\t<\/div>\n\n<\/div><div class=\"modula-item effect-pufrobo\" >\n\t<div class=\"modula-item-overlay\"><\/div>\n\n\t<div class=\"modula-item-content\">\n\n\t\t\t\t\n\t\t\t\t\t<a data-image-id=\"10162\" tabindex=\"0\" rel=\"jtg-10153\" data-caption=\"\" aria-label=\"Open image in lightbox\" role=\"button\" class=\"tile-inner modula-item-link\"><\/a>\n\t\t\n\t\t<img loading=\"lazy\" decoding=\"async\" class=\"pic wp-image-10162\"  data-valign=\"middle\" data-halign=\"center\" alt=\"\" data-full=\"https:\/\/yacht-explorer.com\/wp-content\/uploads\/2018\/11\/mljet-sv-marija-ivo-biocina-1.jpg\" title=\"mljet-sv-marija-ivo-biocina-1\" width=\"300\" height=\"169\" src=\"https:\/\/yacht-explorer.com\/wp-content\/uploads\/2018\/11\/mljet-sv-marija-ivo-biocina-1-300x169.jpg\" data-src=\"https:\/\/yacht-explorer.com\/wp-content\/uploads\/2018\/11\/mljet-sv-marija-ivo-biocina-1-300x169.jpg\" data-caption=\"\" srcset=\"https:\/\/yacht-explorer.com\/wp-content\/uploads\/2018\/11\/mljet-sv-marija-ivo-biocina-1.jpg 1600w, https:\/\/yacht-explorer.com\/wp-content\/uploads\/2018\/11\/mljet-sv-marija-ivo-biocina-1-300x169.jpg 300w, https:\/\/yacht-explorer.com\/wp-content\/uploads\/2018\/11\/mljet-sv-marija-ivo-biocina-1-1024x576.jpg 1024w, https:\/\/yacht-explorer.com\/wp-content\/uploads\/2018\/11\/mljet-sv-marija-ivo-biocina-1-768x432.jpg 768w, https:\/\/yacht-explorer.com\/wp-content\/uploads\/2018\/11\/mljet-sv-marija-ivo-biocina-1-1536x864.jpg 1536w, https:\/\/yacht-explorer.com\/wp-content\/uploads\/2018\/11\/mljet-sv-marija-ivo-biocina-1-125x70.jpg 125w\" sizes=\"auto, (max-width: 300px) 100vw, 300px\" \/>\n\t\t<div class=\"figc no-description\">\n\t\t\t<div class=\"figc-inner\">\n\t\t\t\t\t\t\t\t\t\t\t\t\t\t\t<\/div>\n\t\t<\/div>\n\n\t<\/div>\n\n<\/div><div class=\"modula-item effect-pufrobo\" >\n\t<div class=\"modula-item-overlay\"><\/div>\n\n\t<div class=\"modula-item-content\">\n\n\t\t\t\t\n\t\t\t\t\t<a data-image-id=\"10163\" tabindex=\"0\" rel=\"jtg-10153\" data-caption=\"\" aria-label=\"Open image in lightbox\" role=\"button\" class=\"tile-inner modula-item-link\"><\/a>\n\t\t\n\t\t<img loading=\"lazy\" decoding=\"async\" class=\"pic wp-image-10163\"  data-valign=\"middle\" data-halign=\"center\" alt=\"\" data-full=\"https:\/\/yacht-explorer.com\/wp-content\/uploads\/2018\/11\/mljet-sv-marija-ivo-biocina-1_1.jpg\" title=\"mljet-sv-marija-ivo-biocina-1_1\" width=\"300\" height=\"169\" src=\"https:\/\/yacht-explorer.com\/wp-content\/uploads\/2018\/11\/mljet-sv-marija-ivo-biocina-1_1-300x169.jpg\" data-src=\"https:\/\/yacht-explorer.com\/wp-content\/uploads\/2018\/11\/mljet-sv-marija-ivo-biocina-1_1-300x169.jpg\" data-caption=\"\" srcset=\"https:\/\/yacht-explorer.com\/wp-content\/uploads\/2018\/11\/mljet-sv-marija-ivo-biocina-1_1.jpg 1600w, https:\/\/yacht-explorer.com\/wp-content\/uploads\/2018\/11\/mljet-sv-marija-ivo-biocina-1_1-300x169.jpg 300w, https:\/\/yacht-explorer.com\/wp-content\/uploads\/2018\/11\/mljet-sv-marija-ivo-biocina-1_1-1024x576.jpg 1024w, https:\/\/yacht-explorer.com\/wp-content\/uploads\/2018\/11\/mljet-sv-marija-ivo-biocina-1_1-768x432.jpg 768w, https:\/\/yacht-explorer.com\/wp-content\/uploads\/2018\/11\/mljet-sv-marija-ivo-biocina-1_1-1536x864.jpg 1536w, https:\/\/yacht-explorer.com\/wp-content\/uploads\/2018\/11\/mljet-sv-marija-ivo-biocina-1_1-125x70.jpg 125w\" sizes=\"auto, (max-width: 300px) 100vw, 300px\" \/>\n\t\t<div class=\"figc no-description\">\n\t\t\t<div class=\"figc-inner\">\n\t\t\t\t\t\t\t\t\t\t\t\t\t\t\t<\/div>\n\t\t<\/div>\n\n\t<\/div>\n\n<\/div><div class=\"modula-item effect-pufrobo\" >\n\t<div class=\"modula-item-overlay\"><\/div>\n\n\t<div class=\"modula-item-content\">\n\n\t\t\t\t\n\t\t\t\t\t<a data-image-id=\"10164\" tabindex=\"0\" rel=\"jtg-10153\" data-caption=\"\" aria-label=\"Open image in lightbox\" role=\"button\" class=\"tile-inner modula-item-link\"><\/a>\n\t\t\n\t\t<img loading=\"lazy\" decoding=\"async\" class=\"pic wp-image-10164\"  data-valign=\"middle\" data-halign=\"center\" alt=\"\" data-full=\"https:\/\/yacht-explorer.com\/wp-content\/uploads\/2018\/11\/silazak-s-velikog-grada-2-alan-caplar.jpg\" title=\"silazak-s-velikog-grada-2-alan-caplar\" width=\"300\" height=\"169\" src=\"https:\/\/yacht-explorer.com\/wp-content\/uploads\/2018\/11\/silazak-s-velikog-grada-2-alan-caplar-300x169.jpg\" data-src=\"https:\/\/yacht-explorer.com\/wp-content\/uploads\/2018\/11\/silazak-s-velikog-grada-2-alan-caplar-300x169.jpg\" data-caption=\"\" srcset=\"https:\/\/yacht-explorer.com\/wp-content\/uploads\/2018\/11\/silazak-s-velikog-grada-2-alan-caplar.jpg 1600w, https:\/\/yacht-explorer.com\/wp-content\/uploads\/2018\/11\/silazak-s-velikog-grada-2-alan-caplar-300x169.jpg 300w, https:\/\/yacht-explorer.com\/wp-content\/uploads\/2018\/11\/silazak-s-velikog-grada-2-alan-caplar-1024x576.jpg 1024w, https:\/\/yacht-explorer.com\/wp-content\/uploads\/2018\/11\/silazak-s-velikog-grada-2-alan-caplar-768x432.jpg 768w, https:\/\/yacht-explorer.com\/wp-content\/uploads\/2018\/11\/silazak-s-velikog-grada-2-alan-caplar-1536x864.jpg 1536w, https:\/\/yacht-explorer.com\/wp-content\/uploads\/2018\/11\/silazak-s-velikog-grada-2-alan-caplar-125x70.jpg 125w\" sizes=\"auto, (max-width: 300px) 100vw, 300px\" \/>\n\t\t<div class=\"figc no-description\">\n\t\t\t<div class=\"figc-inner\">\n\t\t\t\t\t\t\t\t\t\t\t\t\t\t\t<\/div>\n\t\t<\/div>\n\n\t<\/div>\n\n<\/div><div class=\"modula-item effect-pufrobo\" >\n\t<div class=\"modula-item-overlay\"><\/div>\n\n\t<div class=\"modula-item-content\">\n\n\t\t\t\t\n\t\t\t\t\t<a data-image-id=\"10165\" tabindex=\"0\" rel=\"jtg-10153\" data-caption=\"\" aria-label=\"Open image in lightbox\" role=\"button\" class=\"tile-inner modula-item-link\"><\/a>\n\t\t\n\t\t<img loading=\"lazy\" decoding=\"async\" class=\"pic wp-image-10165\"  data-valign=\"middle\" data-halign=\"center\" alt=\"\" data-full=\"https:\/\/yacht-explorer.com\/wp-content\/uploads\/2018\/11\/vidik-s-velikog-planjka-1-alan-caplar.jpg\" title=\"vidik-s-velikog-planjka-1-alan-caplar\" width=\"300\" height=\"169\" src=\"https:\/\/yacht-explorer.com\/wp-content\/uploads\/2018\/11\/vidik-s-velikog-planjka-1-alan-caplar-300x169.jpg\" data-src=\"https:\/\/yacht-explorer.com\/wp-content\/uploads\/2018\/11\/vidik-s-velikog-planjka-1-alan-caplar-300x169.jpg\" data-caption=\"\" srcset=\"https:\/\/yacht-explorer.com\/wp-content\/uploads\/2018\/11\/vidik-s-velikog-planjka-1-alan-caplar.jpg 1600w, https:\/\/yacht-explorer.com\/wp-content\/uploads\/2018\/11\/vidik-s-velikog-planjka-1-alan-caplar-300x169.jpg 300w, https:\/\/yacht-explorer.com\/wp-content\/uploads\/2018\/11\/vidik-s-velikog-planjka-1-alan-caplar-1024x576.jpg 1024w, https:\/\/yacht-explorer.com\/wp-content\/uploads\/2018\/11\/vidik-s-velikog-planjka-1-alan-caplar-768x432.jpg 768w, https:\/\/yacht-explorer.com\/wp-content\/uploads\/2018\/11\/vidik-s-velikog-planjka-1-alan-caplar-1536x864.jpg 1536w, https:\/\/yacht-explorer.com\/wp-content\/uploads\/2018\/11\/vidik-s-velikog-planjka-1-alan-caplar-125x70.jpg 125w\" sizes=\"auto, (max-width: 300px) 100vw, 300px\" \/>\n\t\t<div class=\"figc no-description\">\n\t\t\t<div class=\"figc-inner\">\n\t\t\t\t\t\t\t\t\t\t\t\t\t\t\t<\/div>\n\t\t<\/div>\n\n\t<\/div>\n\n<\/div>\t\t\n\t<\/div>\n\n\t\n\t\n\t<script type=\"application\/ld+json\">\n\t{\n\t\t\"@context\": \"http:\/\/schema.org\",\n\t\t\"@type\"   : \"ImageGallery\",\n\t\t\"id\"      : \"https:\/\/yacht-explorer.com\/de\/insel-mljet\/\",\n\t\t\"url\"     : \"https:\/\/yacht-explorer.com\/de\/insel-mljet\/\"\n\t}\n\n\t<\/script>\n\n\t\n<\/div>\n<div id=\"kpm-root\" class=\"kpm_LTR notranslate\"><\/div>\n<p>[\/vc_column_text][\/vc_column][\/vc_row][\/vc_section]<\/p>\n<div id=\"kpm-root\" class=\"kpm_LTR notranslate\"><\/div>\n","protected":false},"excerpt":{"rendered":"<p>[vc_section full_width=&#8220;stretch_row_content&#8220; bg_color_select=&#8220;gray&#8220;][vc_row full_width=&#8220;stretch_row_content&#8220;][vc_column][\/vc_column][\/vc_row][\/vc_section][vc_section full_width=&#8220;stretch_row_content&#8220; bg_pos=&#8220;center-center&#8220; bg_parallax=&#8220;static&#8220; css=&#8220;.vc_custom_1600346537871{background-image: url(https:\/\/yacht-explorer.com\/wp-content\/uploads\/2020\/09\/mljet-sv-marija-ivo-biocina-1.jpg?id=10137) !important;}&#8220;][vc_row full_width=&#8220;stretch_row_content&#8220;][vc_column][vc_empty_space height=&#8220;100px&#8220;][vc_empty_space height=&#8220;170px&#8220;][\/vc_column][\/vc_row][\/vc_section][vc_section full_width=&#8220;stretch_row_content&#8220;][vc_row full_width=&#8220;stretch_row_content&#8220;][vc_column][vc_empty_space][vc_empty_space][\/vc_column][\/vc_row][\/vc_section][vc_section full_width=&#8220;stretch_row_content&#8220; bg_pos=&#8220;center-center&#8220; bg_parallax=&#8220;static&#8220; css=&#8220;.vc_custom_1600346767456{background-image: url(https:\/\/yacht-explorer.com\/wp-content\/uploads\/2020\/09\/Mljet_ju\u017ena_obala-Aleksandar-Gospi\u0107.jpg?id=10141) !important;}&#8220;][vc_row full_width=&#8220;stretch_row_content&#8220;][vc_column][vc_empty_space height=&#8220;200px&#8220;][vc_empty_space height=&#8220;270px&#8220;][\/vc_column][\/vc_row][\/vc_section][vc_section full_width=&#8220;stretch_row_content&#8220;][vc_row full_width=&#8220;stretch_row_content&#8220;][vc_column][vc_empty_space][vc_empty_space][\/vc_column][\/vc_row][\/vc_section][vc_section full_width=&#8220;stretch_row_content&#8220; bg_pos=&#8220;center-center&#8220; bg_parallax=&#8220;static&#8220; css=&#8220;.vc_custom_1600347180752{background-image: url(https:\/\/yacht-explorer.com\/wp-content\/uploads\/2020\/09\/aleksandar-gospic_mljet_soline.jpg?id=10144) !important;}&#8220;][vc_row full_width=&#8220;stretch_row_content&#8220;][vc_column][vc_empty_space height=&#8220;200px&#8220;][vc_empty_space height=&#8220;270px&#8220;][\/vc_column][\/vc_row][\/vc_section][vc_section full_width=&#8220;stretch_row_content&#8220;][vc_row full_width=&#8220;stretch_row_content&#8220;][vc_column][vc_empty_space][vc_empty_space][\/vc_column][\/vc_row][vc_row][vc_column][vc_empty_space height=&#8220;50px&#8220;][\/vc_column][\/vc_row][\/vc_section][vc_section full_width=&#8220;stretch_row_content&#8220; bg_pos=&#8220;center-center&#8220; bg_parallax=&#8220;static&#8220; css=&#8220;.vc_custom_1600347605992{background-image: url(https:\/\/yacht-explorer.com\/wp-content\/uploads\/2020\/09\/mljet-sv-marija-ivo-biocina-1_1.jpg?id=10147) !important;}&#8220;][vc_row full_width=&#8220;stretch_row_content&#8220;][vc_column][vc_empty_space height=&#8220;500px&#8220;][\/vc_column][\/vc_row][\/vc_section][vc_section full_width=&#8220;stretch_row_content&#8220;][vc_row full_width=&#8220;stretch_row_content&#8220;][vc_column][vc_empty_space][vc_empty_space][\/vc_column][\/vc_row][\/vc_section][vc_section full_width=&#8220;stretch_row_content&#8220; bg_pos=&#8220;center-center&#8220; bg_parallax=&#8220;static&#8220; css=&#8220;.vc_custom_1600347875328{background-image: url(https:\/\/yacht-explorer.com\/wp-content\/uploads\/2020\/09\/03_Vidik-s-Montokuca-na-Veliko-jezero-2-Alan-\u010caplar1200.jpg?id=10149) !important;}&#8220;][vc_row full_width=&#8220;stretch_row_content&#8220;][vc_column][vc_empty_space height=&#8220;500px&#8220;][\/vc_column][\/vc_row][\/vc_section][vc_section full_width=&#8220;stretch_row_content&#8220;][vc_row full_width=&#8220;stretch_row_content&#8220;][vc_column][vc_empty_space][vc_empty_space][\/vc_column][\/vc_row][vc_row][vc_column][vc_empty_space height=&#8220;50px&#8220;][\/vc_column][\/vc_row][\/vc_section][vc_section full_width=&#8220;stretch_row_content&#8220;][vc_row full_width=&#8220;stretch_row_content&#8220;][vc_column][vc_column_text] [\/vc_column_text][\/vc_column][\/vc_row][\/vc_section]<\/p>\n","protected":false},"author":1,"featured_media":0,"comment_status":"closed","ping_status":"closed","sticky":false,"template":"","format":"standard","meta":{"footnotes":""},"categories":[303],"tags":[],"table_tags":[],"class_list":["post-12402","post","type-post","status-publish","format-standard","hentry","category-destination"],"_links":{"self":[{"href":"https:\/\/yacht-explorer.com\/de\/wp-json\/wp\/v2\/posts\/12402","targetHints":{"allow":["GET"]}}],"collection":[{"href":"https:\/\/yacht-explorer.com\/de\/wp-json\/wp\/v2\/posts"}],"about":[{"href":"https:\/\/yacht-explorer.com\/de\/wp-json\/wp\/v2\/types\/post"}],"author":[{"embeddable":true,"href":"https:\/\/yacht-explorer.com\/de\/wp-json\/wp\/v2\/users\/1"}],"replies":[{"embeddable":true,"href":"https:\/\/yacht-explorer.com\/de\/wp-json\/wp\/v2\/comments?post=12402"}],"version-history":[{"count":14,"href":"https:\/\/yacht-explorer.com\/de\/wp-json\/wp\/v2\/posts\/12402\/revisions"}],"predecessor-version":[{"id":12428,"href":"https:\/\/yacht-explorer.com\/de\/wp-json\/wp\/v2\/posts\/12402\/revisions\/12428"}],"wp:attachment":[{"href":"https:\/\/yacht-explorer.com\/de\/wp-json\/wp\/v2\/media?parent=12402"}],"wp:term":[{"taxonomy":"category","embeddable":true,"href":"https:\/\/yacht-explorer.com\/de\/wp-json\/wp\/v2\/categories?post=12402"},{"taxonomy":"post_tag","embeddable":true,"href":"https:\/\/yacht-explorer.com\/de\/wp-json\/wp\/v2\/tags?post=12402"},{"taxonomy":"table_tags","embeddable":true,"href":"https:\/\/yacht-explorer.com\/de\/wp-json\/wp\/v2\/table_tags?post=12402"}],"curies":[{"name":"wp","href":"https:\/\/api.w.org\/{rel}","templated":true}]}}