{"id":12513,"date":"2021-03-06T22:05:53","date_gmt":"2021-03-06T22:05:53","guid":{"rendered":"https:\/\/yacht-explorer.com\/skradin-krka\/"},"modified":"2021-03-06T22:05:56","modified_gmt":"2021-03-06T22:05:56","slug":"skradin-krka","status":"publish","type":"post","link":"https:\/\/yacht-explorer.com\/de\/skradin-krka\/","title":{"rendered":"Skradin &amp; Krka"},"content":{"rendered":"<p>[vc_section full_width=&#8220;stretch_row_content&#8220; bg_color_select=&#8220;gray&#8220;][vc_row full_width=&#8220;stretch_row_content&#8220;][vc_column]<div class=\"heading  default align-center color-black subcolor-main transform-default icon-type-default heading-tag-h2\" id=\"like_sc_header_1654571379\"><h2 class=\"header ltx-sr-id-like_sc_header_1654571379518560413 ltx-sr ltx-sr-effect-fade_in ltx-sr-el-block ltx-sr-delay-0 ltx-sr-duration-1000 ltx-sr-sequences-0\">Skradin &amp; Krka<\/h2><\/div><div class=\"ltx-content-width col-align-center\" id=\"like_sc_content_width_588072816\" style=\"max-width: 1000px\"><div class=\"ltx-wrapper\">[vc_column_text]<\/p>\n<p style=\"text-align: center\"><span style=\"font-size: 14pt\">Skradin liegt 15 Kilometer von \u0160ibenik entfernt und ist eine romantische mediterrane Stadt mit engen Kopfsteinpflasterstra\u00dfen, Passagen, B\u00f6gen und Treppen. Sie befindet sich am Eingang zum Krka-Nationalpark. Seine Geschichte reicht zweitausend Jahre zur\u00fcck und erkl\u00e4rt die bemerkenswerten arch\u00e4ologischen St\u00e4tten in der n\u00e4heren Umgebung. Die gesamte Stadt Skradin ist ein Denkmal des gesch\u00fctzten Kulturerbes.<\/span><\/p>\n<p style=\"text-align: center\"><span style=\"font-size: 14pt\">Unter dem heutigen Namen wird Skradin bereits im zehnten Jahrhundert erw\u00e4hnt. Es befindet sich am rechten Ufer des Flusses Krka und hat bis vor kurzem seine Sch\u00f6nheit in einer nat\u00fcrlichen Bucht versteckt versteckt. Heute kann Skradins Charme von jedem Reisenden gesehen werden, der an der sch\u00f6nsten Rastst\u00e4tte der Autobahn Zagreb-Split und der sch\u00f6nen Br\u00fccke Halt macht, von der aus man einen unvergesslichen Blick genie\u00dfen kann. Mit seiner Sch\u00f6nheit hat Skradin viele Eroberer in der Geschichte angezogen und wurde mehrmals am Boden zerst\u00f6rt. Es wurde von alten Liburnen, R\u00f6mern, Goten, Venezianern und T\u00fcrken regiert.<\/span><\/p>\n<div id=\"kpm-root\" class=\"kpm_LTR notranslate\" style=\"text-align: center\"><\/div>\n<p>[\/vc_column_text]<\/div><\/div>[\/vc_column][\/vc_row][\/vc_section][vc_section full_width=&#8220;stretch_row_content&#8220; bg_pos=&#8220;center-center&#8220; bg_parallax=&#8220;static&#8220; css=&#8220;.vc_custom_1600271227749{background-image: url(https:\/\/yacht-explorer.com\/wp-content\/uploads\/2020\/09\/skradin-ivo-biocina.jpg?id=9929) !important;}&#8220;][vc_row full_width=&#8220;stretch_row_content&#8220;][vc_column][vc_empty_space height=&#8220;170px&#8220;]<div class=\"ltx-content-width col-align-center\" id=\"like_sc_content_width_925934532\" style=\"max-width: 1000px\"><div class=\"ltx-wrapper\"><div class=\"heading  default align-center color-white subcolor-white transform-default icon-type-default heading-tag-h2\" id=\"like_sc_header_1069812086\"><h2 class=\"header ltx-sr-id-like_sc_header_10698120861028289017 ltx-sr ltx-sr-effect-fade_in ltx-sr-el-block ltx-sr-delay-0 ltx-sr-duration-1000 ltx-sr-sequences-0\">Skradin is a typical Mediterranean town made up of narrow stone-paved streets, arched alleyways, passages, and stairs.<\/h2><\/div><\/div><\/div>[vc_empty_space height=&#8220;240px&#8220;][\/vc_column][\/vc_row][\/vc_section][vc_section full_width=&#8220;stretch_row&#8220;][vc_row full_width=&#8220;stretch_row_content&#8220;][vc_column][vc_empty_space]<div class=\"ltx-content-width col-align-center\" id=\"like_sc_content_width_2045466892\" style=\"max-width: 1000px\"><div class=\"ltx-wrapper\">[vc_column_text]<\/p>\n<p style=\"text-align: center\"><span style=\"font-size: 14pt\">Es ist einen Besuch in Skradin wert, nur um den Fluss hinauf zu segeln, aber dort ist ein Ausflug in den Krk-Nationalpark ein Muss. Nachdem Sie Ihre Yacht festgemacht haben, bringt Sie eine kurze Fahrt mit der F\u00e4hre zum Parkeingang, von wo aus Sie zu Fu\u00df zum ersten von 7 Wasserf\u00e4llen mit einer H\u00f6he von insgesamt 240 Metern gehen und im kalten Flusswasser schwimmen k\u00f6nnen, bevor Sie zur\u00fcck zum Yachthafen.<\/span><br \/>\n<span style=\"font-size: 14pt\">Skradin hat einen der sch\u00f6nsten Yachth\u00e4fen in Kroatien.<\/span><\/p>\n<div id=\"kpm-root\" class=\"kpm_LTR notranslate\"><\/div>\n<p>[\/vc_column_text]<\/div><\/div>[vc_empty_space][\/vc_column][\/vc_row][\/vc_section][vc_section full_width=&#8220;stretch_row_content&#8220; bg_pos=&#8220;center-center&#8220; bg_parallax=&#8220;static&#8220; css=&#8220;.vc_custom_1600271713936{background-image: url(https:\/\/yacht-explorer.com\/wp-content\/uploads\/2020\/09\/skradinska_torta_1-maja-danica-pecenic_1600x900.jpg?id=9934) !important;}&#8220;][vc_row full_width=&#8220;stretch_row_content&#8220;][vc_column][vc_empty_space height=&#8220;170px&#8220;]<div class=\"heading  default align-center color-white subcolor-white transform-default icon-type-default heading-tag-h2\" id=\"like_sc_header_2122704779\"><h2 class=\"header ltx-sr-id-like_sc_header_21227047791985130936 ltx-sr ltx-sr-effect-fade_in ltx-sr-el-block ltx-sr-delay-0 ltx-sr-duration-1000 ltx-sr-sequences-0\">Skradin cake<\/h2><\/div>[vc_empty_space height=&#8220;240px&#8220;][\/vc_column][\/vc_row][\/vc_section][vc_section full_width=&#8220;stretch_row&#8220;][vc_row full_width=&#8220;stretch_row_content&#8220;][vc_column][vc_empty_space]<div class=\"ltx-content-width col-align-center\" id=\"like_sc_content_width_383017057\" style=\"max-width: 1000px\"><div class=\"ltx-wrapper\">[vc_column_text]<\/p>\n<div class=\"col-sm-12\">\n<div class=\"text text-center\">\n<p style=\"text-align: center\"><span style=\"font-size: 14pt\">Eine der beliebtesten Spezialit\u00e4ten der Region Skradin ist ein Dessert, ohne das kein einziges Fest oder zeremonielles Mittagessen stattfinden kann. . Im Laufe der Geschichte wurde es speziell f\u00fcr Hochzeitsfeste vorbereitet. Dies ist der Skradin-Kuchen, ein s\u00fc\u00dfer Kuchen, der im 14. <sup>Jahrhundert<\/sup> von Skradins M\u00e4dchen selbst vor ihrer Hochzeitsnacht hergestellt wurde, um die Auserw\u00e4hlten zu beeindrucken und ruhig in den Ehehafen zu segeln.<\/span><\/p>\n<p style=\"text-align: center\"><span style=\"font-size: 14pt\">Es wird angenommen, dass das urspr\u00fcngliche Rezept f\u00fcr dieses leckere Dessert heute nur noch von sehr wenigen Skradin-Hausfrauen aufbewahrt wird, obwohl sich die Liste seiner Zutaten im Laufe der Geschichte nicht wesentlich ge\u00e4ndert hat.<\/span><\/p>\n<p style=\"text-align: center\"><span style=\"font-size: 14pt\">Heute wird dieser k\u00f6stliche Kuchen aus dem Wei\u00df und Eigelb lokaler Eier zubereitet, die sorgf\u00e4ltig getrennt und getrennt gemischt wurden. . In das Eigelb werden Zucker und Honig, die geriebenen Schalen einer Zitrone und Orange, ein L\u00f6ffel Rum oder ein Lik\u00f6r aus Rose oder Vanille und nach und nach fein gemahlene Waln\u00fcsse und Mandeln mit Schwerpunkt auf Waln\u00fcssen gegeben. dh dreimal mehr. . In die Mischung werden dann die geschlagenen Eiwei\u00dfe gegeben und nachdem alle Zutaten gut vermischt sind, wird die Mischung in eine Butterform gegossen und in einem vorgeheizten Ofen bei 200 Grad Celsius gebacken. Nach f\u00fcnfzehn Minuten wird die Temperatur auf 150 Grad gesenkt und der Kuchen etwa eine Stunde lang gebacken. Nachdem der Kuchen aus dem Ofen genommen und gut abgek\u00fchlt wurde, sollte er mit geschmolzener Schokolade \u00fcbergossen werden, der nach Bedarf zus\u00e4tzliche Butter sowie Milch hinzugef\u00fcgt und dann mit Mandelbl\u00e4ttern oder geschnittenen Walnussh\u00e4lften dekoriert wurden.<\/span><\/p>\n<p style=\"text-align: center\"><span style=\"font-size: 14pt\">Der lose Kuchen, der mit luxuri\u00f6ser Schokolade \u00fcberzogen und mit nussigen Fr\u00fcchten angereichert ist, wird die anspruchsvollsten Feinschmecker zufriedenstellen und bringt einen Hauch der Skradin-Region auf den Tisch. Zusammen mit einem St\u00fcck echtem Skradin Torcakete ist es traditionell, einen Toast mit lokalen Getr\u00e4nken wie Pro\u0161ek, dem dalmatinischen Dessertwein mit einer bestimmten S\u00fc\u00dfe und Lebhaftigkeit, zuzubereiten, um die Essenszeremonie auf eine sch\u00f6ne und schmackhafte Weise abzurunden.<\/span><\/p>\n<\/div>\n<\/div>\n<div id=\"kpm-root\" class=\"kpm_LTR notranslate\" style=\"text-align: center\"><\/div>\n<p>[\/vc_column_text]<\/div><\/div>[vc_empty_space][\/vc_column][\/vc_row][vc_row][vc_column][vc_empty_space height=&#8220;50px&#8220;][\/vc_column][\/vc_row][\/vc_section][vc_section full_width=&#8220;stretch_row_content&#8220; bg_pos=&#8220;center-center&#8220; bg_parallax=&#8220;static&#8220; css=&#8220;.vc_custom_1600271930134{background-image: url(https:\/\/yacht-explorer.com\/wp-content\/uploads\/2020\/09\/krka-ivo-biocina-1-2.jpg?id=9937) !important;}&#8220;][vc_row full_width=&#8220;stretch_row_content&#8220;][vc_column][vc_empty_space height=&#8220;170px&#8220;]<div class=\"ltx-content-width col-align-center\" id=\"like_sc_content_width_2066729037\" style=\"max-width: 1000px\"><div class=\"ltx-wrapper\"><div class=\"heading  default align-center color-white subcolor-white transform-default icon-type-default heading-tag-h2\" id=\"like_sc_header_132337458\"><h2 class=\"header ltx-sr-id-like_sc_header_1323374581080423164 ltx-sr ltx-sr-effect-fade_in ltx-sr-el-block ltx-sr-delay-0 ltx-sr-duration-1000 ltx-sr-sequences-0\">Krka \/ Skradin \/ Lake Prokljan<\/h2><\/div><\/div><\/div>[vc_empty_space height=&#8220;240px&#8220;][\/vc_column][\/vc_row][\/vc_section][vc_section full_width=&#8220;stretch_row_content&#8220;][vc_row full_width=&#8220;stretch_row_content&#8220;][vc_column][vc_empty_space][vc_column_text]<\/p>\n<div class=\"col-sm-12\">\n<div class=\"text text-center\">\n<p style=\"text-align: center\"><span style=\"font-size: 14pt\">Die raue Landschaft des Hinterlandes von \u0160ibenik l\u00e4sst nicht darauf schlie\u00dfen, dass irgendwo am Fu\u00dfe des Dinara, dem h\u00f6chsten Berg Kroatiens, versteckt in einem zehn Meter hohen Wasserfall, einem der attraktivsten Karstfl\u00fcsse, der Fluss Krka seine Reise beginnt. In der N\u00e4he der charmanten kleinen historischen Stadt Skradin an der M\u00fcndung der Krka selbst und etwas weiter entfernt von \u0160ibenik, das eine touristische Renaissance erlebt, ist dieser Fluss ideal f\u00fcr einen Tagesausflug in das K\u00f6nigreich der gro\u00dfen und lauten Travertinformen Wasserf\u00e4lle sowie die ungew\u00f6hnliche Umgebung, die dank der Kraft des Wasserflusses geschaffen wurde.<\/span><\/p>\n<p style=\"text-align: center\"><span style=\"font-size: 14pt\">Entlang der ersten Kilometer m\u00fcndet dieser Fluss in f\u00fcnf kleinere Nebenfl\u00fcsse, durch die er durch fruchtbare Felder flie\u00dft. Danach beginnt die Krka unmittelbar nach dem Brljan-See, sich in die kahle Kalksteinlandschaft zu schnitzen. Obwohl dieser Fluss unter der Schirmherrschaft des Krka-Nationalparks weitgehend gesch\u00fctzt ist und Kajakfahren nicht gestattet ist, ist es f\u00fcr eine t\u00e4gliche Dosis Paddeln am besten, von Skradin zum wundersch\u00f6nen Prokljan-See zu paddeln, wo sich das kalte Wasser der Krka vermischt das Meer. Mit einem entspannten Paddel k\u00f6nnen Sie nach \u0160ibenik absteigen, aber vorher schwimmen Sie am Strand von Bilice und genie\u00dfen einige der lokalen Spezialit\u00e4ten, wie die in der Gegend gefangenen Aale.<\/span><\/p>\n<\/div>\n<\/div>\n<div id=\"kpm-root\" class=\"kpm_LTR notranslate\"><\/div>\n<p>[\/vc_column_text][vc_empty_space][\/vc_column][\/vc_row][vc_row][vc_column][vc_empty_space height=&#8220;50px&#8220;][\/vc_column][\/vc_row][\/vc_section][vc_section full_width=&#8220;stretch_row_content&#8220; bg_pos=&#8220;center-center&#8220; bg_parallax=&#8220;static&#8220; css=&#8220;.vc_custom_1600272185079{background-image: url(https:\/\/yacht-explorer.com\/wp-content\/uploads\/2020\/09\/visovac-krka-ivo-biocina.jpg?id=9940) !important;}&#8220;][vc_row full_width=&#8220;stretch_row_content&#8220;][vc_column][vc_empty_space height=&#8220;100px&#8220;]<div class=\"ltx-content-width col-align-center\" id=\"like_sc_content_width_1627356722\" style=\"max-width: 1000px\"><div class=\"ltx-wrapper\"><div class=\"heading  default align-center color-white subcolor-white transform-default icon-type-default heading-tag-h2\" id=\"like_sc_header_147677161\"><h2 class=\"header ltx-sr-id-like_sc_header_1476771611902728648 ltx-sr ltx-sr-effect-fade_in ltx-sr-el-block ltx-sr-delay-0 ltx-sr-duration-1000 ltx-sr-sequences-0\">One feature of the Krka National Park is the possibility of exploring every corner thanks to the well-developed walking and cycling paths so you will not miss out on the experience of the Visovac monastery in the middle of Visovac Lake, the Roman camp of Burnum or the mediaeval fortresses which tower over the Krka.<\/h2><\/div><\/div><\/div>[vc_empty_space height=&#8220;170px&#8220;][\/vc_column][\/vc_row][\/vc_section][vc_section full_width=&#8220;stretch_row_content&#8220;][vc_row full_width=&#8220;stretch_row_content&#8220;][vc_column][vc_empty_space]<div class=\"ltx-content-width col-align-center\" id=\"like_sc_content_width_1346485394\" style=\"max-width: 1000px\"><div class=\"ltx-wrapper\">[vc_column_text]<\/p>\n<p style=\"text-align: center\"><span style=\"font-size: 14pt\">Die arrangierten Fu\u00dfwege f\u00fchren entlang einer renovierten M\u00fchle, wo Sie einen Blick auf das ethnografische Erbe dieser Region werfen und die urspr\u00fcngliche Methode zum Mahlen von Getreide kennenlernen k\u00f6nnen.<\/span><\/p>\n<p style=\"text-align: center\"><span style=\"font-size: 14pt\">Die Krka ist reich an Travertinbarrieren und wundersch\u00f6nen Wasserf\u00e4llen, von denen der letzte Skradinski Buk ist. Obwohl es nicht das h\u00f6chste ist, ist es definitiv eines der spektakul\u00e4rsten, denn seine 800 Meter L\u00e4nge und mehr als 40 Meter H\u00f6he lassen niemanden gleichg\u00fcltig und es liegt an Ihnen, ob Sie die anderen sechs Wasserf\u00e4lle besuchen m\u00f6chten. Wenn Sie noch nicht gepaddelt haben, werden die umliegenden Beh\u00f6rden Sie verstehen und Sie zu den wundersch\u00f6nen Gew\u00e4ssern von Krupa und Zrmanja bringen. Wenn Sie schweigend paddeln, werden Sie sich sicherlich fragen, wie es m\u00f6glich ist, dass so viel unglaubliche Sch\u00f6nheit in solchen ist ein kleiner Ort und dass Sie sich wirklich zur richtigen Zeit am richtigen Ort befinden<\/span><\/p>\n<div id=\"kpm-root\" class=\"kpm_LTR notranslate\" style=\"text-align: center\"><\/div>\n<p>[\/vc_column_text]<\/div><\/div>[vc_empty_space][\/vc_column][\/vc_row][\/vc_section][vc_section full_width=&#8220;stretch_row_content&#8220;][vc_row full_width=&#8220;stretch_row_content_no_spaces&#8220;][vc_column][vc_column_text]<style>#jtg-9945 .modula-item .jtg-social a, .lightbox-socials.jtg-social a{ fill: #ffffff; color: #ffffff }#jtg-9945 .modula-item .jtg-social-mobile a{ fill: #ffffff; color: #ffffff }#jtg-9945 .modula-item .jtg-social svg, .lightbox-socials.jtg-social svg { height: 16px; width: 16px }#jtg-9945 .modula-item .jtg-social-mobile svg { height: 16px; width: 16px }#jtg-9945 .modula-item .jtg-social a:not(:last-child), .lightbox-socials.jtg-social a:not(:last-child) { margin-right: 10px }#jtg-9945 .modula-item .jtg-social-mobile .jtg-social-mobile-icons a:not(:last-child){ margin-right: 10px }#jtg-9945 .modula-item .figc {color:#ffffff;}#jtg-9945 .modula-item .modula-item-content { transform: scale(1) }#jtg-9945 { width:100%;}#jtg-9945 .modula-items{height:800px;}@media screen and (max-width: 992px) {#jtg-9945 .modula-items{height:800px;}}@media screen and (max-width: 768px) {#jtg-9945 .modula-items{height:800px;}}#jtg-9945 .modula-items .figc p.description { font-size:14px; }#jtg-9945 .modula-items .figc p.description { color:#ffffff;}#jtg-9945.modula-gallery .modula-item > a, #jtg-9945.modula-gallery .modula-item, #jtg-9945.modula-gallery .modula-item-content > a:not(.modula-no-follow) { cursor:zoom-in; } #jtg-9945.modula-gallery .modula-item-content .modula-no-follow { cursor: default; } @media screen and (max-width:480px){#jtg-9945 .modula-item .figc .jtg-title {  font-size: 12px; }#jtg-9945 .modula-items .figc p.description { color:#ffffff;font-size:10px; }}<\/style>\n<!-- Gallery Container -->\n<div  id=\"jtg-9945\" class=\"modula modula-gallery modula-creative-gallery\" data-config=\"{&quot;height&quot;:800,&quot;tabletHeight&quot;:800,&quot;mobileHeight&quot;:800,&quot;desktopHeight&quot;:800,&quot;enableTwitter&quot;:true,&quot;enableWhatsapp&quot;:false,&quot;enableFacebook&quot;:true,&quot;enablePinterest&quot;:true,&quot;enableLinkedin&quot;:true,&quot;enableEmail&quot;:false,&quot;randomFactor&quot;:0.5,&quot;type&quot;:&quot;creative-gallery&quot;,&quot;columns&quot;:12,&quot;gutter&quot;:10,&quot;mobileGutter&quot;:10,&quot;tabletGutter&quot;:10,&quot;desktopGutter&quot;:10,&quot;enableResponsive&quot;:&quot;0&quot;,&quot;tabletColumns&quot;:&quot;2&quot;,&quot;mobileColumns&quot;:&quot;1&quot;,&quot;lazyLoad&quot;:&quot;0&quot;,&quot;lightboxOpts&quot;:{&quot;animated&quot;:true,&quot;Thumbs&quot;:{&quot;type&quot;:&quot;modern&quot;,&quot;showOnStart&quot;:false},&quot;Toolbar&quot;:{&quot;display&quot;:{&quot;right&quot;:[&quot;close&quot;]},&quot;enabled&quot;:true},&quot;Carousel&quot;:{&quot;Panzoom&quot;:{&quot;touch&quot;:false},&quot;infinite&quot;:false},&quot;keyboard&quot;:{&quot;Escape&quot;:&quot;close&quot;,&quot;Delete&quot;:&quot;close&quot;,&quot;Backspace&quot;:&quot;close&quot;,&quot;PageUp&quot;:false,&quot;PageDown&quot;:false,&quot;ArrowUp&quot;:false,&quot;ArrowDown&quot;:false,&quot;ArrowRight&quot;:false,&quot;ArrowLeft&quot;:false},&quot;touch&quot;:false,&quot;backdropClick&quot;:false,&quot;l10n&quot;:{&quot;CLOSE&quot;:&quot;Close&quot;,&quot;NEXT&quot;:&quot;Next&quot;,&quot;PREV&quot;:&quot;Previous&quot;,&quot;Error&quot;:&quot;The requested content cannot be loaded. Please try again later.&quot;,&quot;PLAY_START&quot;:&quot;Start slideshow&quot;,&quot;PLAY_STOP&quot;:&quot;Pause slideshow&quot;,&quot;FULL_SCREEN&quot;:&quot;Full screen&quot;,&quot;THUMBS&quot;:&quot;Thumbnails&quot;,&quot;DOWNLOAD&quot;:&quot;Download&quot;,&quot;SHARE&quot;:&quot;Share&quot;,&quot;ZOOM&quot;:&quot;Zoom&quot;,&quot;EMAIL&quot;:&quot;Here is the link to the image : %%image_link%% and this is the link to the gallery : %%gallery_link%%&quot;,&quot;MODAL&quot;:&quot;You can close this modal content with the ESC key&quot;,&quot;ERROR&quot;:&quot;Something Went Wrong, Please Try Again Later&quot;,&quot;IMAGE_ERROR&quot;:&quot;Image Not Found&quot;,&quot;ELEMENT_NOT_FOUND&quot;:&quot;HTML Element Not Found&quot;,&quot;AJAX_NOT_FOUND&quot;:&quot;Error Loading AJAX : Not Found&quot;,&quot;AJAX_FORBIDDEN&quot;:&quot;Error Loading AJAX : Forbidden&quot;,&quot;IFRAME_ERROR&quot;:&quot;Error Loading Page&quot;,&quot;TOGGLE_ZOOM&quot;:&quot;Toggle zoom level&quot;,&quot;TOGGLE_THUMBS&quot;:&quot;Toggle thumbnails&quot;,&quot;TOGGLE_SLIDESHOW&quot;:&quot;Toggle slideshow&quot;,&quot;TOGGLE_FULLSCREEN&quot;:&quot;Toggle full-screen mode&quot;},&quot;Images&quot;:{&quot;Panzoom&quot;:{&quot;maxScale&quot;:2}},&quot;mainClass&quot;:&quot;modula-fancybox-container modula-lightbox-jtg-9945&quot;,&quot;Html&quot;:{&quot;videoAutoplay&quot;:0,&quot;videoTpl&quot;:&quot;&lt;video class=\\&quot;fancybox__html5video\\&quot; controls muted playsinline controlsList controlsList=\\&quot;nodownload\\&quot; poster=\\&quot;{{poster}}\\&quot; src=\\&quot;{{src}}\\&quot; type=\\&quot;{{format}}\\&quot; &gt;  Sorry, your browser doesn&#039;t support embedded videos, &lt;a href=\\&quot;{{src}}\\&quot;&gt; download &lt;\\\/a&gt; and watch with your favorite video player! &lt;\\\/video&gt;&quot;}},&quot;inView&quot;:false,&quot;email_subject&quot;:&quot;Check out this awesome image !!&quot;,&quot;email_message&quot;:&quot;Here is the link to the image : %%image_link%% and this is the link to the gallery : %%gallery_link%% &quot;,&quot;lightbox&quot;:&quot;fancybox&quot;}\">\n\n\t\n\t<!-- Items Container -->\n\t<div  class=\"modula-items\">\n\t\t<div class=\"modula-item effect-pufrobo\" >\n\t<div class=\"modula-item-overlay\"><\/div>\n\n\t<div class=\"modula-item-content\">\n\n\t\t\t\t\n\t\t\t\t\t<a data-image-id=\"9946\" tabindex=\"0\" rel=\"jtg-9945\" data-caption=\"\" aria-label=\"Open image in lightbox\" role=\"button\" class=\"tile-inner modula-item-link\"><\/a>\n\t\t\n\t\t<img loading=\"lazy\" decoding=\"async\" class=\"pic wp-image-9946\"  data-valign=\"middle\" data-halign=\"center\" alt=\"\" data-full=\"https:\/\/yacht-explorer.com\/wp-content\/uploads\/2018\/11\/krka-antun_cerovecki_DSC9702-Edit.jpg\" title=\"krka-antun_cerovecki_DSC9702-Edit\" width=\"300\" height=\"169\" src=\"https:\/\/yacht-explorer.com\/wp-content\/uploads\/2018\/11\/krka-antun_cerovecki_DSC9702-Edit-300x169.jpg\" data-src=\"https:\/\/yacht-explorer.com\/wp-content\/uploads\/2018\/11\/krka-antun_cerovecki_DSC9702-Edit-300x169.jpg\" data-caption=\"\" srcset=\"https:\/\/yacht-explorer.com\/wp-content\/uploads\/2018\/11\/krka-antun_cerovecki_DSC9702-Edit.jpg 1600w, https:\/\/yacht-explorer.com\/wp-content\/uploads\/2018\/11\/krka-antun_cerovecki_DSC9702-Edit-300x169.jpg 300w, https:\/\/yacht-explorer.com\/wp-content\/uploads\/2018\/11\/krka-antun_cerovecki_DSC9702-Edit-1024x576.jpg 1024w, https:\/\/yacht-explorer.com\/wp-content\/uploads\/2018\/11\/krka-antun_cerovecki_DSC9702-Edit-768x432.jpg 768w, https:\/\/yacht-explorer.com\/wp-content\/uploads\/2018\/11\/krka-antun_cerovecki_DSC9702-Edit-1536x864.jpg 1536w, https:\/\/yacht-explorer.com\/wp-content\/uploads\/2018\/11\/krka-antun_cerovecki_DSC9702-Edit-125x70.jpg 125w\" sizes=\"auto, (max-width: 300px) 100vw, 300px\" \/>\n\t\t<div class=\"figc no-description\">\n\t\t\t<div class=\"figc-inner\">\n\t\t\t\t\t\t\t\t\t\t\t\t\t\t\t<\/div>\n\t\t<\/div>\n\n\t<\/div>\n\n<\/div><div class=\"modula-item effect-pufrobo\" >\n\t<div class=\"modula-item-overlay\"><\/div>\n\n\t<div class=\"modula-item-content\">\n\n\t\t\t\t\n\t\t\t\t\t<a data-image-id=\"9947\" tabindex=\"0\" rel=\"jtg-9945\" data-caption=\"\" aria-label=\"Open image in lightbox\" role=\"button\" class=\"tile-inner modula-item-link\"><\/a>\n\t\t\n\t\t<img loading=\"lazy\" decoding=\"async\" class=\"pic wp-image-9947\"  data-valign=\"middle\" data-halign=\"center\" alt=\"\" data-full=\"https:\/\/yacht-explorer.com\/wp-content\/uploads\/2018\/11\/krka-ivo-biocina-1-2.jpg\" title=\"krka-ivo-biocina-1-(2)\" width=\"300\" height=\"169\" src=\"https:\/\/yacht-explorer.com\/wp-content\/uploads\/2018\/11\/krka-ivo-biocina-1-2-300x169.jpg\" data-src=\"https:\/\/yacht-explorer.com\/wp-content\/uploads\/2018\/11\/krka-ivo-biocina-1-2-300x169.jpg\" data-caption=\"\" srcset=\"https:\/\/yacht-explorer.com\/wp-content\/uploads\/2018\/11\/krka-ivo-biocina-1-2.jpg 1600w, https:\/\/yacht-explorer.com\/wp-content\/uploads\/2018\/11\/krka-ivo-biocina-1-2-300x169.jpg 300w, https:\/\/yacht-explorer.com\/wp-content\/uploads\/2018\/11\/krka-ivo-biocina-1-2-1024x576.jpg 1024w, https:\/\/yacht-explorer.com\/wp-content\/uploads\/2018\/11\/krka-ivo-biocina-1-2-768x432.jpg 768w, https:\/\/yacht-explorer.com\/wp-content\/uploads\/2018\/11\/krka-ivo-biocina-1-2-1536x864.jpg 1536w, https:\/\/yacht-explorer.com\/wp-content\/uploads\/2018\/11\/krka-ivo-biocina-1-2-125x70.jpg 125w\" sizes=\"auto, (max-width: 300px) 100vw, 300px\" \/>\n\t\t<div class=\"figc no-description\">\n\t\t\t<div class=\"figc-inner\">\n\t\t\t\t\t\t\t\t\t\t\t\t\t\t\t<\/div>\n\t\t<\/div>\n\n\t<\/div>\n\n<\/div><div class=\"modula-item effect-pufrobo\" >\n\t<div class=\"modula-item-overlay\"><\/div>\n\n\t<div class=\"modula-item-content\">\n\n\t\t\t\t\n\t\t\t\t\t<a data-image-id=\"9948\" tabindex=\"0\" rel=\"jtg-9945\" data-caption=\"\" aria-label=\"Open image in lightbox\" role=\"button\" class=\"tile-inner modula-item-link\"><\/a>\n\t\t\n\t\t<img loading=\"lazy\" decoding=\"async\" class=\"pic wp-image-9948\"  data-valign=\"middle\" data-halign=\"center\" alt=\"\" data-full=\"https:\/\/yacht-explorer.com\/wp-content\/uploads\/2018\/11\/krka-skradinski-buk-zoran-jelaca-1600x900-1.jpg\" title=\"krka-skradinski-buk--zoran-jelaca-1600x900\" width=\"300\" height=\"169\" src=\"https:\/\/yacht-explorer.com\/wp-content\/uploads\/2018\/11\/krka-skradinski-buk-zoran-jelaca-1600x900-1-300x169.jpg\" data-src=\"https:\/\/yacht-explorer.com\/wp-content\/uploads\/2018\/11\/krka-skradinski-buk-zoran-jelaca-1600x900-1-300x169.jpg\" data-caption=\"\" srcset=\"https:\/\/yacht-explorer.com\/wp-content\/uploads\/2018\/11\/krka-skradinski-buk-zoran-jelaca-1600x900-1.jpg 1600w, https:\/\/yacht-explorer.com\/wp-content\/uploads\/2018\/11\/krka-skradinski-buk-zoran-jelaca-1600x900-1-300x169.jpg 300w, https:\/\/yacht-explorer.com\/wp-content\/uploads\/2018\/11\/krka-skradinski-buk-zoran-jelaca-1600x900-1-1024x576.jpg 1024w, https:\/\/yacht-explorer.com\/wp-content\/uploads\/2018\/11\/krka-skradinski-buk-zoran-jelaca-1600x900-1-768x432.jpg 768w, https:\/\/yacht-explorer.com\/wp-content\/uploads\/2018\/11\/krka-skradinski-buk-zoran-jelaca-1600x900-1-1536x864.jpg 1536w, https:\/\/yacht-explorer.com\/wp-content\/uploads\/2018\/11\/krka-skradinski-buk-zoran-jelaca-1600x900-1-125x70.jpg 125w\" sizes=\"auto, (max-width: 300px) 100vw, 300px\" \/>\n\t\t<div class=\"figc no-description\">\n\t\t\t<div class=\"figc-inner\">\n\t\t\t\t\t\t\t\t\t\t\t\t\t\t\t<\/div>\n\t\t<\/div>\n\n\t<\/div>\n\n<\/div><div class=\"modula-item effect-pufrobo\" >\n\t<div class=\"modula-item-overlay\"><\/div>\n\n\t<div class=\"modula-item-content\">\n\n\t\t\t\t\n\t\t\t\t\t<a data-image-id=\"9949\" tabindex=\"0\" rel=\"jtg-9945\" data-caption=\"\" aria-label=\"Open image in lightbox\" role=\"button\" class=\"tile-inner modula-item-link\"><\/a>\n\t\t\n\t\t<img loading=\"lazy\" decoding=\"async\" class=\"pic wp-image-9949\"  data-valign=\"middle\" data-halign=\"center\" alt=\"\" data-full=\"https:\/\/yacht-explorer.com\/wp-content\/uploads\/2018\/11\/skradin-ivo-biocina.jpg\" title=\"skradin--ivo-biocina\" width=\"300\" height=\"169\" src=\"https:\/\/yacht-explorer.com\/wp-content\/uploads\/2018\/11\/skradin-ivo-biocina-300x169.jpg\" data-src=\"https:\/\/yacht-explorer.com\/wp-content\/uploads\/2018\/11\/skradin-ivo-biocina-300x169.jpg\" data-caption=\"\" srcset=\"https:\/\/yacht-explorer.com\/wp-content\/uploads\/2018\/11\/skradin-ivo-biocina.jpg 1600w, https:\/\/yacht-explorer.com\/wp-content\/uploads\/2018\/11\/skradin-ivo-biocina-300x169.jpg 300w, https:\/\/yacht-explorer.com\/wp-content\/uploads\/2018\/11\/skradin-ivo-biocina-1024x576.jpg 1024w, https:\/\/yacht-explorer.com\/wp-content\/uploads\/2018\/11\/skradin-ivo-biocina-768x432.jpg 768w, https:\/\/yacht-explorer.com\/wp-content\/uploads\/2018\/11\/skradin-ivo-biocina-1536x864.jpg 1536w, https:\/\/yacht-explorer.com\/wp-content\/uploads\/2018\/11\/skradin-ivo-biocina-125x70.jpg 125w\" sizes=\"auto, (max-width: 300px) 100vw, 300px\" \/>\n\t\t<div class=\"figc no-description\">\n\t\t\t<div class=\"figc-inner\">\n\t\t\t\t\t\t\t\t\t\t\t\t\t\t\t<\/div>\n\t\t<\/div>\n\n\t<\/div>\n\n<\/div><div class=\"modula-item effect-pufrobo\" >\n\t<div class=\"modula-item-overlay\"><\/div>\n\n\t<div class=\"modula-item-content\">\n\n\t\t\t\t\n\t\t\t\t\t<a data-image-id=\"9950\" tabindex=\"0\" rel=\"jtg-9945\" data-caption=\"\" aria-label=\"Open image in lightbox\" role=\"button\" class=\"tile-inner modula-item-link\"><\/a>\n\t\t\n\t\t<img loading=\"lazy\" decoding=\"async\" class=\"pic wp-image-9950\"  data-valign=\"middle\" data-halign=\"center\" alt=\"\" data-full=\"https:\/\/yacht-explorer.com\/wp-content\/uploads\/2018\/11\/skradin-ivo-biocina_2.jpg\" title=\"skradin--ivo-biocina_2\" width=\"300\" height=\"169\" src=\"https:\/\/yacht-explorer.com\/wp-content\/uploads\/2018\/11\/skradin-ivo-biocina_2-300x169.jpg\" data-src=\"https:\/\/yacht-explorer.com\/wp-content\/uploads\/2018\/11\/skradin-ivo-biocina_2-300x169.jpg\" data-caption=\"\" srcset=\"https:\/\/yacht-explorer.com\/wp-content\/uploads\/2018\/11\/skradin-ivo-biocina_2.jpg 1600w, https:\/\/yacht-explorer.com\/wp-content\/uploads\/2018\/11\/skradin-ivo-biocina_2-300x169.jpg 300w, https:\/\/yacht-explorer.com\/wp-content\/uploads\/2018\/11\/skradin-ivo-biocina_2-1024x576.jpg 1024w, https:\/\/yacht-explorer.com\/wp-content\/uploads\/2018\/11\/skradin-ivo-biocina_2-768x432.jpg 768w, https:\/\/yacht-explorer.com\/wp-content\/uploads\/2018\/11\/skradin-ivo-biocina_2-1536x864.jpg 1536w, https:\/\/yacht-explorer.com\/wp-content\/uploads\/2018\/11\/skradin-ivo-biocina_2-125x70.jpg 125w\" sizes=\"auto, (max-width: 300px) 100vw, 300px\" \/>\n\t\t<div class=\"figc no-description\">\n\t\t\t<div class=\"figc-inner\">\n\t\t\t\t\t\t\t\t\t\t\t\t\t\t\t<\/div>\n\t\t<\/div>\n\n\t<\/div>\n\n<\/div><div class=\"modula-item effect-pufrobo\" >\n\t<div class=\"modula-item-overlay\"><\/div>\n\n\t<div class=\"modula-item-content\">\n\n\t\t\t\t\n\t\t\t\t\t<a data-image-id=\"9951\" tabindex=\"0\" rel=\"jtg-9945\" data-caption=\"\" aria-label=\"Open image in lightbox\" role=\"button\" class=\"tile-inner modula-item-link\"><\/a>\n\t\t\n\t\t<img loading=\"lazy\" decoding=\"async\" class=\"pic wp-image-9951\"  data-valign=\"middle\" data-halign=\"center\" alt=\"\" data-full=\"https:\/\/yacht-explorer.com\/wp-content\/uploads\/2018\/11\/skradin-ivo-biocina-1-1-1.jpg\" title=\"skradin--ivo-biocina-1-1-1\" width=\"300\" height=\"169\" src=\"https:\/\/yacht-explorer.com\/wp-content\/uploads\/2018\/11\/skradin-ivo-biocina-1-1-1-300x169.jpg\" data-src=\"https:\/\/yacht-explorer.com\/wp-content\/uploads\/2018\/11\/skradin-ivo-biocina-1-1-1-300x169.jpg\" data-caption=\"\" srcset=\"https:\/\/yacht-explorer.com\/wp-content\/uploads\/2018\/11\/skradin-ivo-biocina-1-1-1.jpg 1600w, https:\/\/yacht-explorer.com\/wp-content\/uploads\/2018\/11\/skradin-ivo-biocina-1-1-1-300x169.jpg 300w, https:\/\/yacht-explorer.com\/wp-content\/uploads\/2018\/11\/skradin-ivo-biocina-1-1-1-1024x576.jpg 1024w, https:\/\/yacht-explorer.com\/wp-content\/uploads\/2018\/11\/skradin-ivo-biocina-1-1-1-768x432.jpg 768w, https:\/\/yacht-explorer.com\/wp-content\/uploads\/2018\/11\/skradin-ivo-biocina-1-1-1-1536x864.jpg 1536w, https:\/\/yacht-explorer.com\/wp-content\/uploads\/2018\/11\/skradin-ivo-biocina-1-1-1-125x70.jpg 125w\" sizes=\"auto, (max-width: 300px) 100vw, 300px\" \/>\n\t\t<div class=\"figc no-description\">\n\t\t\t<div class=\"figc-inner\">\n\t\t\t\t\t\t\t\t\t\t\t\t\t\t\t<\/div>\n\t\t<\/div>\n\n\t<\/div>\n\n<\/div><div class=\"modula-item effect-pufrobo\" >\n\t<div class=\"modula-item-overlay\"><\/div>\n\n\t<div class=\"modula-item-content\">\n\n\t\t\t\t\n\t\t\t\t\t<a data-image-id=\"9952\" tabindex=\"0\" rel=\"jtg-9945\" data-caption=\"\" aria-label=\"Open image in lightbox\" role=\"button\" class=\"tile-inner modula-item-link\"><\/a>\n\t\t\n\t\t<img loading=\"lazy\" decoding=\"async\" class=\"pic wp-image-9952\"  data-valign=\"middle\" data-halign=\"center\" alt=\"\" data-full=\"https:\/\/yacht-explorer.com\/wp-content\/uploads\/2018\/11\/skradinska_torta_1-maja-danica-pecenic_1600x900.jpg\" title=\"skradinska_torta_1-maja-danica-pecenic_1600x900\" width=\"300\" height=\"169\" src=\"https:\/\/yacht-explorer.com\/wp-content\/uploads\/2018\/11\/skradinska_torta_1-maja-danica-pecenic_1600x900-300x169.jpg\" data-src=\"https:\/\/yacht-explorer.com\/wp-content\/uploads\/2018\/11\/skradinska_torta_1-maja-danica-pecenic_1600x900-300x169.jpg\" data-caption=\"\" srcset=\"https:\/\/yacht-explorer.com\/wp-content\/uploads\/2018\/11\/skradinska_torta_1-maja-danica-pecenic_1600x900.jpg 1600w, https:\/\/yacht-explorer.com\/wp-content\/uploads\/2018\/11\/skradinska_torta_1-maja-danica-pecenic_1600x900-300x169.jpg 300w, https:\/\/yacht-explorer.com\/wp-content\/uploads\/2018\/11\/skradinska_torta_1-maja-danica-pecenic_1600x900-1024x576.jpg 1024w, https:\/\/yacht-explorer.com\/wp-content\/uploads\/2018\/11\/skradinska_torta_1-maja-danica-pecenic_1600x900-768x432.jpg 768w, https:\/\/yacht-explorer.com\/wp-content\/uploads\/2018\/11\/skradinska_torta_1-maja-danica-pecenic_1600x900-1536x864.jpg 1536w, https:\/\/yacht-explorer.com\/wp-content\/uploads\/2018\/11\/skradinska_torta_1-maja-danica-pecenic_1600x900-125x70.jpg 125w\" sizes=\"auto, (max-width: 300px) 100vw, 300px\" \/>\n\t\t<div class=\"figc no-description\">\n\t\t\t<div class=\"figc-inner\">\n\t\t\t\t\t\t\t\t\t\t\t\t\t\t\t<\/div>\n\t\t<\/div>\n\n\t<\/div>\n\n<\/div><div class=\"modula-item effect-pufrobo\" >\n\t<div class=\"modula-item-overlay\"><\/div>\n\n\t<div class=\"modula-item-content\">\n\n\t\t\t\t\n\t\t\t\t\t<a data-image-id=\"9953\" tabindex=\"0\" rel=\"jtg-9945\" data-caption=\"\" aria-label=\"Open image in lightbox\" role=\"button\" class=\"tile-inner modula-item-link\"><\/a>\n\t\t\n\t\t<img loading=\"lazy\" decoding=\"async\" class=\"pic wp-image-9953\"  data-valign=\"middle\" data-halign=\"center\" alt=\"\" data-full=\"https:\/\/yacht-explorer.com\/wp-content\/uploads\/2018\/11\/visovac-krka-ivo-biocina.jpg\" title=\"visovac-krka-ivo-biocina\" width=\"300\" height=\"169\" src=\"https:\/\/yacht-explorer.com\/wp-content\/uploads\/2018\/11\/visovac-krka-ivo-biocina-300x169.jpg\" data-src=\"https:\/\/yacht-explorer.com\/wp-content\/uploads\/2018\/11\/visovac-krka-ivo-biocina-300x169.jpg\" data-caption=\"\" srcset=\"https:\/\/yacht-explorer.com\/wp-content\/uploads\/2018\/11\/visovac-krka-ivo-biocina.jpg 1600w, https:\/\/yacht-explorer.com\/wp-content\/uploads\/2018\/11\/visovac-krka-ivo-biocina-300x169.jpg 300w, https:\/\/yacht-explorer.com\/wp-content\/uploads\/2018\/11\/visovac-krka-ivo-biocina-1024x576.jpg 1024w, https:\/\/yacht-explorer.com\/wp-content\/uploads\/2018\/11\/visovac-krka-ivo-biocina-768x432.jpg 768w, https:\/\/yacht-explorer.com\/wp-content\/uploads\/2018\/11\/visovac-krka-ivo-biocina-1536x864.jpg 1536w, https:\/\/yacht-explorer.com\/wp-content\/uploads\/2018\/11\/visovac-krka-ivo-biocina-125x70.jpg 125w\" sizes=\"auto, (max-width: 300px) 100vw, 300px\" \/>\n\t\t<div class=\"figc no-description\">\n\t\t\t<div class=\"figc-inner\">\n\t\t\t\t\t\t\t\t\t\t\t\t\t\t\t<\/div>\n\t\t<\/div>\n\n\t<\/div>\n\n<\/div>\t\t\n\t<\/div>\n\n\t\n\t\n\t<script type=\"application\/ld+json\">\n\t{\n\t\t\"@context\": \"http:\/\/schema.org\",\n\t\t\"@type\"   : \"ImageGallery\",\n\t\t\"id\"      : \"https:\/\/yacht-explorer.com\/de\/skradin-krka\/\",\n\t\t\"url\"     : \"https:\/\/yacht-explorer.com\/de\/skradin-krka\/\"\n\t}\n\n\t<\/script>\n\n\t\n<\/div>\n<div id=\"kpm-root\" class=\"kpm_LTR notranslate\"><\/div>\n<p>[\/vc_column_text][\/vc_column][\/vc_row][\/vc_section][vc_section full_width=&#8220;stretch_row_content&#8220; bg_color_select=&#8220;black&#8220;][vc_row full_width=&#8220;stretch_row_content&#8220;][vc_column]<div class=\"heading  default align-center color-white subcolor-white transform-default icon-type-default heading-tag-h2\" id=\"like_sc_header_1447731559\"><h2 class=\"header ltx-sr-id-like_sc_header_1447731559897530429 ltx-sr ltx-sr-effect-fade_in ltx-sr-el-block ltx-sr-delay-0 ltx-sr-duration-1000 ltx-sr-sequences-0\">ACI Marina Skradin<\/h2><\/div><div class=\"ltx-content-width col-align-center\" id=\"like_sc_content_width_604798789\" style=\"max-width: 1000px\"><div class=\"ltx-wrapper\">[vc_column_text]<\/p>\n<p style=\"text-align: center\"><span style=\"font-size: 14pt\">Einer der sch\u00f6nsten Yachth\u00e4fen von ACI befindet sich direkt an der M\u00fcndung des Flusses Krka und ist aufgrund der einzigartigen Kombination von Meer- und S\u00fc\u00dfwasser besonders f\u00fcr Besitzer von Holzschiffen interessant. W\u00e4hrend der Sommermonate ist es der Ausgangspunkt f\u00fcr viele Bootsfahrer, den nahe gelegenen Krka-Nationalpark zu besuchen. Vom malerischen Stadtzentrum von Skradin aus bildet der Yachthafen einen einzigartigen Ort, an dem eine angenehme Atmosph\u00e4re herrscht und eine ausgezeichnete Auswahl an Gerichten angeboten wird.<\/span><\/p>\n<div id=\"kpm-root\" class=\"kpm_LTR notranslate\"><\/div>\n<p>[\/vc_column_text]<\/div><\/div><div class=\"ltx-content-width col-align-center\" id=\"like_sc_content_width_511694323\" style=\"max-width: 1000px\"><div class=\"ltx-wrapper\">[vc_column_text]<\/p>\n<p style=\"text-align: center\"><span style=\"font-size: 14pt\">Obala Pavla \u0160ubi\u0107a 18<\/span><br \/>\n<span style=\"font-size: 14pt\">22222 Skradin<\/span><br \/>\n<span style=\"font-size: 14pt\">TEL +385 (0)22 771 365<\/span><br \/>\n<span style=\"font-size: 14pt\">FAX +385 (0)22 771 163<\/span><br \/>\n<span style=\"font-size: 14pt\"><a href=\"http:\/\/www.aci-marinas.com\" target=\"_blank\" rel=\"noopener noreferrer\">www.aci-marinas.com<\/a><\/span><br \/>\n<a href=\"mailto:m.skradin@aci-club.hr\"><span style=\"font-size: 14pt\">m.skradin@aci-club.hr<\/span><\/a><\/p>\n<div id=\"kpm-root\" class=\"kpm_LTR notranslate\"><\/div>\n<p>[\/vc_column_text]<\/div><\/div>[\/vc_column][\/vc_row][\/vc_section][vc_section full_width=&#8220;stretch_row_content&#8220;][vc_row full_width=&#8220;stretch_row_content&#8220;][vc_column][vc_empty_space][vc_single_image image=&#8220;12520&#8243; img_size=&#8220;full&#8220; alignment=&#8220;center&#8220;][vc_empty_space][\/vc_column][\/vc_row][\/vc_section][vc_section full_width=&#8220;stretch_row_content&#8220; bg_pos=&#8220;right-center&#8220; bg_parallax=&#8220;static&#8220; css=&#8220;.vc_custom_1600272989406{background-image: url(https:\/\/yacht-explorer.com\/wp-content\/uploads\/2020\/09\/1_aci_marina_skradin.jpg?id=9958) !important;}&#8220;][vc_row full_width=&#8220;stretch_row_content&#8220;][vc_column][vc_empty_space height=&#8220;500px&#8220;][\/vc_column][\/vc_row][\/vc_section]<\/p>\n","protected":false},"excerpt":{"rendered":"<p>[vc_section full_width=&#8220;stretch_row_content&#8220; bg_color_select=&#8220;gray&#8220;][vc_row full_width=&#8220;stretch_row_content&#8220;][vc_column][\/vc_column][\/vc_row][\/vc_section][vc_section full_width=&#8220;stretch_row_content&#8220; bg_pos=&#8220;center-center&#8220; bg_parallax=&#8220;static&#8220; css=&#8220;.vc_custom_1600271227749{background-image: url(https:\/\/yacht-explorer.com\/wp-content\/uploads\/2020\/09\/skradin-ivo-biocina.jpg?id=9929) !important;}&#8220;][vc_row full_width=&#8220;stretch_row_content&#8220;][vc_column][vc_empty_space height=&#8220;170px&#8220;][vc_empty_space height=&#8220;240px&#8220;][\/vc_column][\/vc_row][\/vc_section][vc_section full_width=&#8220;stretch_row&#8220;][vc_row full_width=&#8220;stretch_row_content&#8220;][vc_column][vc_empty_space][vc_empty_space][\/vc_column][\/vc_row][\/vc_section][vc_section full_width=&#8220;stretch_row_content&#8220; bg_pos=&#8220;center-center&#8220; bg_parallax=&#8220;static&#8220; css=&#8220;.vc_custom_1600271713936{background-image: url(https:\/\/yacht-explorer.com\/wp-content\/uploads\/2020\/09\/skradinska_torta_1-maja-danica-pecenic_1600x900.jpg?id=9934) !important;}&#8220;][vc_row full_width=&#8220;stretch_row_content&#8220;][vc_column][vc_empty_space height=&#8220;170px&#8220;][vc_empty_space height=&#8220;240px&#8220;][\/vc_column][\/vc_row][\/vc_section][vc_section full_width=&#8220;stretch_row&#8220;][vc_row full_width=&#8220;stretch_row_content&#8220;][vc_column][vc_empty_space][vc_empty_space][\/vc_column][\/vc_row][vc_row][vc_column][vc_empty_space height=&#8220;50px&#8220;][\/vc_column][\/vc_row][\/vc_section][vc_section full_width=&#8220;stretch_row_content&#8220; bg_pos=&#8220;center-center&#8220; bg_parallax=&#8220;static&#8220; css=&#8220;.vc_custom_1600271930134{background-image: url(https:\/\/yacht-explorer.com\/wp-content\/uploads\/2020\/09\/krka-ivo-biocina-1-2.jpg?id=9937) !important;}&#8220;][vc_row full_width=&#8220;stretch_row_content&#8220;][vc_column][vc_empty_space height=&#8220;170px&#8220;][vc_empty_space height=&#8220;240px&#8220;][\/vc_column][\/vc_row][\/vc_section][vc_section full_width=&#8220;stretch_row_content&#8220;][vc_row full_width=&#8220;stretch_row_content&#8220;][vc_column][vc_empty_space][vc_column_text] Die raue Landschaft des Hinterlandes von \u0160ibenik l\u00e4sst nicht darauf schlie\u00dfen, dass irgendwo am Fu\u00dfe des Dinara, dem h\u00f6chsten Berg Kroatiens, versteckt in einem zehn Meter hohen Wasserfall, einem der attraktivsten Karstfl\u00fcsse, der Fluss Krka seine Reise beginnt. In der N\u00e4he der charmanten kleinen historischen Stadt Skradin an der M\u00fcndung der Krka selbst und etwas weiter entfernt von \u0160ibenik, das eine touristische Renaissance erlebt, ist dieser Fluss ideal f\u00fcr einen Tagesausflug in das K\u00f6nigreich der gro\u00dfen und lauten Travertinformen Wasserf\u00e4lle sowie die ungew\u00f6hnliche Umgebung, die dank der Kraft des Wasserflusses geschaffen wurde. Entlang der ersten Kilometer m\u00fcndet dieser Fluss in f\u00fcnf kleinere Nebenfl\u00fcsse, durch die er durch fruchtbare Felder flie\u00dft. Danach beginnt [&hellip;]<\/p>\n","protected":false},"author":1,"featured_media":0,"comment_status":"closed","ping_status":"closed","sticky":false,"template":"","format":"standard","meta":{"footnotes":""},"categories":[303],"tags":[],"table_tags":[],"class_list":["post-12513","post","type-post","status-publish","format-standard","hentry","category-destination"],"_links":{"self":[{"href":"https:\/\/yacht-explorer.com\/de\/wp-json\/wp\/v2\/posts\/12513","targetHints":{"allow":["GET"]}}],"collection":[{"href":"https:\/\/yacht-explorer.com\/de\/wp-json\/wp\/v2\/posts"}],"about":[{"href":"https:\/\/yacht-explorer.com\/de\/wp-json\/wp\/v2\/types\/post"}],"author":[{"embeddable":true,"href":"https:\/\/yacht-explorer.com\/de\/wp-json\/wp\/v2\/users\/1"}],"replies":[{"embeddable":true,"href":"https:\/\/yacht-explorer.com\/de\/wp-json\/wp\/v2\/comments?post=12513"}],"version-history":[{"count":7,"href":"https:\/\/yacht-explorer.com\/de\/wp-json\/wp\/v2\/posts\/12513\/revisions"}],"predecessor-version":[{"id":12534,"href":"https:\/\/yacht-explorer.com\/de\/wp-json\/wp\/v2\/posts\/12513\/revisions\/12534"}],"wp:attachment":[{"href":"https:\/\/yacht-explorer.com\/de\/wp-json\/wp\/v2\/media?parent=12513"}],"wp:term":[{"taxonomy":"category","embeddable":true,"href":"https:\/\/yacht-explorer.com\/de\/wp-json\/wp\/v2\/categories?post=12513"},{"taxonomy":"post_tag","embeddable":true,"href":"https:\/\/yacht-explorer.com\/de\/wp-json\/wp\/v2\/tags?post=12513"},{"taxonomy":"table_tags","embeddable":true,"href":"https:\/\/yacht-explorer.com\/de\/wp-json\/wp\/v2\/table_tags?post=12513"}],"curies":[{"name":"wp","href":"https:\/\/api.w.org\/{rel}","templated":true}]}}