{"id":12570,"date":"2021-03-07T08:54:00","date_gmt":"2021-03-07T08:54:00","guid":{"rendered":"https:\/\/yacht-explorer.com\/primosten\/"},"modified":"2022-04-12T16:49:05","modified_gmt":"2022-04-12T16:49:05","slug":"primosten","status":"publish","type":"post","link":"https:\/\/yacht-explorer.com\/de\/primosten\/","title":{"rendered":"Primo\u0161ten"},"content":{"rendered":"<p>[vc_section full_width=&#8220;stretch_row_content&#8220; bg_color_select=&#8220;gray&#8220;][vc_row full_width=&#8220;stretch_row_content&#8220;][vc_column]<div class=\"heading  default align-center color-black subcolor-main transform-default icon-type-default heading-tag-h2\" id=\"like_sc_header_1304256358\"><h2 class=\"header ltx-sr-id-like_sc_header_1304256358390033453 ltx-sr ltx-sr-effect-fade_in ltx-sr-el-block ltx-sr-delay-0 ltx-sr-duration-1000 ltx-sr-sequences-0\">Primo\u0161ten<\/h2><\/div><div class=\"ltx-content-width col-align-center\" id=\"like_sc_content_width_848891326\" style=\"max-width: 1000px\"><div class=\"ltx-wrapper\">[vc_column_text]<\/p>\n<p style=\"text-align: center\"><span style=\"font-size: 14pt\">Primo\u0161ten war einst eine Insel und hat die Atmosph\u00e4re und alle architektonischen Merkmale eines mittelalterlichen mediterranen Fischerdorfes bewahrt. Die Stadt wird von sv dominiert. Juraj [St. George] auf dem h\u00f6chsten Punkt der ehemaligen Insel, die Kirche Unserer Lieben Frau der Barmherzigkeit [Our Lady of Mercy]und die Kapelle von St. Roko [St. Rocco] zieht sicherlich unsere Aufmerksamkeit auf sich. <\/span><br \/>\n<span style=\"font-size: 14pt\">Nat\u00fcrlich windgesch\u00fctzt, umgeben von Weinbergen, die in eine Steinwabe eingewebt sind, befindet sich am Fu\u00dfe der H\u00fcgel der Yachthafen Kremik, der an der Adria einzigartig ist. Der Blick auf die Babi\u0107-Reben in ihren Steinzellen an den nahe gelegenen H\u00e4ngen ist ein besonderes Erlebnis und ein Zeugnis daf\u00fcr, wie die Hand des Menschen selbst die raueste Landschaft bereichern und d\u00fcngen kann. Auf der Halbinsel Radu\u010da im Norden der Stadt, in einem Kiefernwald, gibt es Hotels und Str\u00e4nde mit einer Vielzahl von Einrichtungen.<\/span><\/p>\n<div id=\"kpm-root\" class=\"kpm_LTR notranslate\"><\/div>\n<p>[\/vc_column_text]<\/div><\/div>[\/vc_column][\/vc_row][\/vc_section][vc_section full_width=&#8220;stretch_row_content&#8220; bg_pos=&#8220;center-center&#8220; bg_parallax=&#8220;static&#8220; css=&#8220;.vc_custom_1600260972411{background-image: url(https:\/\/yacht-explorer.com\/wp-content\/uploads\/2020\/09\/vinograd-primosten-sergio-gobbo.jpg?id=9842) !important;}&#8220;][vc_row full_width=&#8220;stretch_row_content&#8220;][vc_column][vc_empty_space height=&#8220;400px&#8220;][\/vc_column][\/vc_row][\/vc_section][vc_section full_width=&#8220;stretch_row&#8220;][vc_row full_width=&#8220;stretch_row_content&#8220;][vc_column][vc_empty_space]<div class=\"ltx-content-width col-align-center\" id=\"like_sc_content_width_591475494\" style=\"max-width: 1000px\"><div class=\"ltx-wrapper\">[vc_column_text]<\/p>\n<p style=\"text-align: center\"><span style=\"font-size: 14pt\">Wenn Sie den trockenen Rotwein Babi\u0107 probieren m\u00f6chten, der unter den Weinliebhabern der Welt viele Fans gefunden hat, dann besuchen Sie Primo\u0161ten, eine Touristenstadt 28 Kilometer s\u00fcdlich von \u0160ibenik. Es war einmal eine Insel, und die Stadt wurde 1564 erstmals unter ihrem heutigen Namen erw\u00e4hnt. Im Laufe der Zeit wurde sie durch den Bau einer Landenge mit dem Festland verbunden. Die jahrhundertealten Weinberge von Primo\u0161ten, aus denen dieser ber\u00fchmte Wein stammt, k\u00f6nnen auch von Besuchern des Geb\u00e4udes der Vereinten Nationen in New York bewundert werden, wo ihre Bilder im Laufe der Jahrhunderte als Ikone harter Arbeit gezeigt wurden. Sie k\u00f6nnen die Geschichte des Lebens in diesem malerischen Teil der Region \u0160ibenik beim Festival Primo\u0161tenski u\u017eanci h\u00f6ren, einer der traditionsreichen Traditionen der Region. Diese Veranstaltung findet in den ersten beiden Augustwochen statt. Bei einem Glas guten Weins und hausgemachtem Fisch k\u00f6nnen Sie die Durchf\u00fchrung einer traditionellen Primo\u0161ten-Hochzeit miterleben und sich auch bei den Eselrennen vergn\u00fcgen.<\/span><\/p>\n<div id=\"kpm-root\" class=\"kpm_LTR notranslate\"><\/div>\n<p>[\/vc_column_text]<\/div><\/div>[vc_empty_space][\/vc_column][\/vc_row][\/vc_section][vc_section full_width=&#8220;stretch_row_content&#8220;][vc_row full_width=&#8220;stretch_row_content_no_spaces&#8220;][vc_column][vc_column_text]<style>#jtg-9844 .modula-item .jtg-social a, .lightbox-socials.jtg-social a{ fill: #ffffff; color: #ffffff }#jtg-9844 .modula-item .jtg-social-mobile a{ fill: #ffffff; color: #ffffff }#jtg-9844 .modula-item .jtg-social svg, .lightbox-socials.jtg-social svg { height: 16px; width: 16px }#jtg-9844 .modula-item .jtg-social-mobile svg { height: 16px; width: 16px }#jtg-9844 .modula-item .jtg-social a:not(:last-child), .lightbox-socials.jtg-social a:not(:last-child) { margin-right: 10px }#jtg-9844 .modula-item .jtg-social-mobile .jtg-social-mobile-icons a:not(:last-child){ margin-right: 10px }#jtg-9844 .modula-item .figc {color:#ffffff;}#jtg-9844 .modula-item .modula-item-content { transform: scale(1) }#jtg-9844 { width:100%;}#jtg-9844 .modula-items{height:800px;}@media screen and (max-width: 992px) {#jtg-9844 .modula-items{height:800px;}}@media screen and (max-width: 768px) {#jtg-9844 .modula-items{height:800px;}}#jtg-9844 .modula-items .figc p.description { font-size:14px; }#jtg-9844 .modula-items .figc p.description { color:#ffffff;}#jtg-9844.modula-gallery .modula-item > a, #jtg-9844.modula-gallery .modula-item, #jtg-9844.modula-gallery .modula-item-content > a:not(.modula-no-follow) { cursor:zoom-in; } #jtg-9844.modula-gallery .modula-item-content .modula-no-follow { cursor: default; } @media screen and (max-width:480px){#jtg-9844 .modula-item .figc .jtg-title {  font-size: 12px; }#jtg-9844 .modula-items .figc p.description { color:#ffffff;font-size:10px; }}<\/style>\n<!-- Gallery Container -->\n<div  id=\"jtg-9844\" class=\"modula modula-gallery modula-creative-gallery\" data-config=\"{&quot;height&quot;:800,&quot;tabletHeight&quot;:800,&quot;mobileHeight&quot;:800,&quot;desktopHeight&quot;:800,&quot;enableTwitter&quot;:true,&quot;enableWhatsapp&quot;:false,&quot;enableFacebook&quot;:true,&quot;enablePinterest&quot;:true,&quot;enableLinkedin&quot;:true,&quot;enableEmail&quot;:false,&quot;randomFactor&quot;:0.5,&quot;type&quot;:&quot;creative-gallery&quot;,&quot;columns&quot;:12,&quot;gutter&quot;:10,&quot;mobileGutter&quot;:10,&quot;tabletGutter&quot;:10,&quot;desktopGutter&quot;:10,&quot;enableResponsive&quot;:&quot;0&quot;,&quot;tabletColumns&quot;:&quot;2&quot;,&quot;mobileColumns&quot;:&quot;1&quot;,&quot;lazyLoad&quot;:&quot;0&quot;,&quot;lightboxOpts&quot;:{&quot;animated&quot;:true,&quot;Thumbs&quot;:{&quot;type&quot;:&quot;modern&quot;,&quot;showOnStart&quot;:false},&quot;Toolbar&quot;:{&quot;display&quot;:{&quot;right&quot;:[&quot;close&quot;]},&quot;enabled&quot;:true},&quot;Carousel&quot;:{&quot;Panzoom&quot;:{&quot;touch&quot;:false},&quot;infinite&quot;:false},&quot;keyboard&quot;:{&quot;Escape&quot;:&quot;close&quot;,&quot;Delete&quot;:&quot;close&quot;,&quot;Backspace&quot;:&quot;close&quot;,&quot;PageUp&quot;:false,&quot;PageDown&quot;:false,&quot;ArrowUp&quot;:false,&quot;ArrowDown&quot;:false,&quot;ArrowRight&quot;:false,&quot;ArrowLeft&quot;:false},&quot;touch&quot;:false,&quot;backdropClick&quot;:false,&quot;l10n&quot;:{&quot;CLOSE&quot;:&quot;Close&quot;,&quot;NEXT&quot;:&quot;Next&quot;,&quot;PREV&quot;:&quot;Previous&quot;,&quot;Error&quot;:&quot;The requested content cannot be loaded. Please try again later.&quot;,&quot;PLAY_START&quot;:&quot;Start slideshow&quot;,&quot;PLAY_STOP&quot;:&quot;Pause slideshow&quot;,&quot;FULL_SCREEN&quot;:&quot;Full screen&quot;,&quot;THUMBS&quot;:&quot;Thumbnails&quot;,&quot;DOWNLOAD&quot;:&quot;Download&quot;,&quot;SHARE&quot;:&quot;Share&quot;,&quot;ZOOM&quot;:&quot;Zoom&quot;,&quot;EMAIL&quot;:&quot;Here is the link to the image : %%image_link%% and this is the link to the gallery : %%gallery_link%%&quot;,&quot;MODAL&quot;:&quot;You can close this modal content with the ESC key&quot;,&quot;ERROR&quot;:&quot;Something Went Wrong, Please Try Again Later&quot;,&quot;IMAGE_ERROR&quot;:&quot;Image Not Found&quot;,&quot;ELEMENT_NOT_FOUND&quot;:&quot;HTML Element Not Found&quot;,&quot;AJAX_NOT_FOUND&quot;:&quot;Error Loading AJAX : Not Found&quot;,&quot;AJAX_FORBIDDEN&quot;:&quot;Error Loading AJAX : Forbidden&quot;,&quot;IFRAME_ERROR&quot;:&quot;Error Loading Page&quot;,&quot;TOGGLE_ZOOM&quot;:&quot;Toggle zoom level&quot;,&quot;TOGGLE_THUMBS&quot;:&quot;Toggle thumbnails&quot;,&quot;TOGGLE_SLIDESHOW&quot;:&quot;Toggle slideshow&quot;,&quot;TOGGLE_FULLSCREEN&quot;:&quot;Toggle full-screen mode&quot;},&quot;Images&quot;:{&quot;Panzoom&quot;:{&quot;maxScale&quot;:2}},&quot;mainClass&quot;:&quot;modula-fancybox-container modula-lightbox-jtg-9844&quot;,&quot;Html&quot;:{&quot;videoAutoplay&quot;:0,&quot;videoTpl&quot;:&quot;&lt;video class=\\&quot;fancybox__html5video\\&quot; controls muted playsinline controlsList controlsList=\\&quot;nodownload\\&quot; poster=\\&quot;{{poster}}\\&quot; src=\\&quot;{{src}}\\&quot; type=\\&quot;{{format}}\\&quot; &gt;  Sorry, your browser doesn&#039;t support embedded videos, &lt;a href=\\&quot;{{src}}\\&quot;&gt; download &lt;\\\/a&gt; and watch with your favorite video player! &lt;\\\/video&gt;&quot;}},&quot;inView&quot;:false,&quot;email_subject&quot;:&quot;Check out this awesome image !!&quot;,&quot;email_message&quot;:&quot;Here is the link to the image : %%image_link%% and this is the link to the gallery : %%gallery_link%% &quot;,&quot;lightbox&quot;:&quot;fancybox&quot;}\">\n\n\t\n\t<!-- Items Container -->\n\t<div  class=\"modula-items\">\n\t\t<div class=\"modula-item effect-pufrobo\" >\n\t<div class=\"modula-item-overlay\"><\/div>\n\n\t<div class=\"modula-item-content\">\n\n\t\t\t\t\n\t\t\t\t\t<a data-image-id=\"9845\" tabindex=\"0\" rel=\"jtg-9844\" data-caption=\"\" aria-label=\"Open image in lightbox\" role=\"button\" class=\"tile-inner modula-item-link\"><\/a>\n\t\t\n\t\t<img loading=\"lazy\" decoding=\"async\" class=\"pic wp-image-9845\"  data-valign=\"middle\" data-halign=\"center\" alt=\"\" data-full=\"https:\/\/yacht-explorer.com\/wp-content\/uploads\/2018\/11\/01-PRIMOSTEN-Raduca-D85_2893_ACR-aleksandar-gospic.jpg\" title=\"01-PRIMOSTEN-Raduca-D85_2893_ACR-aleksandar-gospic\" width=\"300\" height=\"169\" src=\"https:\/\/yacht-explorer.com\/wp-content\/uploads\/2018\/11\/01-PRIMOSTEN-Raduca-D85_2893_ACR-aleksandar-gospic-300x169.jpg\" data-src=\"https:\/\/yacht-explorer.com\/wp-content\/uploads\/2018\/11\/01-PRIMOSTEN-Raduca-D85_2893_ACR-aleksandar-gospic-300x169.jpg\" data-caption=\"\" srcset=\"https:\/\/yacht-explorer.com\/wp-content\/uploads\/2018\/11\/01-PRIMOSTEN-Raduca-D85_2893_ACR-aleksandar-gospic.jpg 1600w, https:\/\/yacht-explorer.com\/wp-content\/uploads\/2018\/11\/01-PRIMOSTEN-Raduca-D85_2893_ACR-aleksandar-gospic-300x169.jpg 300w, https:\/\/yacht-explorer.com\/wp-content\/uploads\/2018\/11\/01-PRIMOSTEN-Raduca-D85_2893_ACR-aleksandar-gospic-1024x576.jpg 1024w, https:\/\/yacht-explorer.com\/wp-content\/uploads\/2018\/11\/01-PRIMOSTEN-Raduca-D85_2893_ACR-aleksandar-gospic-768x432.jpg 768w, https:\/\/yacht-explorer.com\/wp-content\/uploads\/2018\/11\/01-PRIMOSTEN-Raduca-D85_2893_ACR-aleksandar-gospic-1536x864.jpg 1536w, https:\/\/yacht-explorer.com\/wp-content\/uploads\/2018\/11\/01-PRIMOSTEN-Raduca-D85_2893_ACR-aleksandar-gospic-125x70.jpg 125w\" sizes=\"auto, (max-width: 300px) 100vw, 300px\" \/>\n\t\t<div class=\"figc no-description\">\n\t\t\t<div class=\"figc-inner\">\n\t\t\t\t\t\t\t\t\t\t\t\t\t\t\t<\/div>\n\t\t<\/div>\n\n\t<\/div>\n\n<\/div><div class=\"modula-item effect-pufrobo\" >\n\t<div class=\"modula-item-overlay\"><\/div>\n\n\t<div class=\"modula-item-content\">\n\n\t\t\t\t\n\t\t\t\t\t<a data-image-id=\"9846\" tabindex=\"0\" rel=\"jtg-9844\" data-caption=\"\" aria-label=\"Open image in lightbox\" role=\"button\" class=\"tile-inner modula-item-link\"><\/a>\n\t\t\n\t\t<img loading=\"lazy\" decoding=\"async\" class=\"pic wp-image-9846\"  data-valign=\"middle\" data-halign=\"center\" alt=\"\" data-full=\"https:\/\/yacht-explorer.com\/wp-content\/uploads\/2018\/11\/02-PRIMOSTEN-Raduca-DJI_0233_ACR-aleksandar-gospic.jpg\" title=\"02-PRIMOSTEN-Raduca-DJI_0233_ACR-aleksandar-gospic\" width=\"300\" height=\"169\" src=\"https:\/\/yacht-explorer.com\/wp-content\/uploads\/2018\/11\/02-PRIMOSTEN-Raduca-DJI_0233_ACR-aleksandar-gospic-300x169.jpg\" data-src=\"https:\/\/yacht-explorer.com\/wp-content\/uploads\/2018\/11\/02-PRIMOSTEN-Raduca-DJI_0233_ACR-aleksandar-gospic-300x169.jpg\" data-caption=\"\" srcset=\"https:\/\/yacht-explorer.com\/wp-content\/uploads\/2018\/11\/02-PRIMOSTEN-Raduca-DJI_0233_ACR-aleksandar-gospic.jpg 1600w, https:\/\/yacht-explorer.com\/wp-content\/uploads\/2018\/11\/02-PRIMOSTEN-Raduca-DJI_0233_ACR-aleksandar-gospic-300x169.jpg 300w, https:\/\/yacht-explorer.com\/wp-content\/uploads\/2018\/11\/02-PRIMOSTEN-Raduca-DJI_0233_ACR-aleksandar-gospic-1024x576.jpg 1024w, https:\/\/yacht-explorer.com\/wp-content\/uploads\/2018\/11\/02-PRIMOSTEN-Raduca-DJI_0233_ACR-aleksandar-gospic-768x432.jpg 768w, https:\/\/yacht-explorer.com\/wp-content\/uploads\/2018\/11\/02-PRIMOSTEN-Raduca-DJI_0233_ACR-aleksandar-gospic-1536x864.jpg 1536w, https:\/\/yacht-explorer.com\/wp-content\/uploads\/2018\/11\/02-PRIMOSTEN-Raduca-DJI_0233_ACR-aleksandar-gospic-125x70.jpg 125w\" sizes=\"auto, (max-width: 300px) 100vw, 300px\" \/>\n\t\t<div class=\"figc no-description\">\n\t\t\t<div class=\"figc-inner\">\n\t\t\t\t\t\t\t\t\t\t\t\t\t\t\t<\/div>\n\t\t<\/div>\n\n\t<\/div>\n\n<\/div><div class=\"modula-item effect-pufrobo\" >\n\t<div class=\"modula-item-overlay\"><\/div>\n\n\t<div class=\"modula-item-content\">\n\n\t\t\t\t\n\t\t\t\t\t<a data-image-id=\"9847\" tabindex=\"0\" rel=\"jtg-9844\" data-caption=\"\" aria-label=\"Open image in lightbox\" role=\"button\" class=\"tile-inner modula-item-link\"><\/a>\n\t\t\n\t\t<img loading=\"lazy\" decoding=\"async\" class=\"pic wp-image-9847\"  data-valign=\"middle\" data-halign=\"center\" alt=\"\" data-full=\"https:\/\/yacht-explorer.com\/wp-content\/uploads\/2018\/11\/DJI_0062-mala-raduca-josip-jadrijevic.jpg\" title=\"DJI_0062-mala-raduca-josip-jadrijevic\" width=\"300\" height=\"169\" src=\"https:\/\/yacht-explorer.com\/wp-content\/uploads\/2018\/11\/DJI_0062-mala-raduca-josip-jadrijevic-300x169.jpg\" data-src=\"https:\/\/yacht-explorer.com\/wp-content\/uploads\/2018\/11\/DJI_0062-mala-raduca-josip-jadrijevic-300x169.jpg\" data-caption=\"\" srcset=\"https:\/\/yacht-explorer.com\/wp-content\/uploads\/2018\/11\/DJI_0062-mala-raduca-josip-jadrijevic.jpg 1600w, https:\/\/yacht-explorer.com\/wp-content\/uploads\/2018\/11\/DJI_0062-mala-raduca-josip-jadrijevic-300x169.jpg 300w, https:\/\/yacht-explorer.com\/wp-content\/uploads\/2018\/11\/DJI_0062-mala-raduca-josip-jadrijevic-1024x576.jpg 1024w, https:\/\/yacht-explorer.com\/wp-content\/uploads\/2018\/11\/DJI_0062-mala-raduca-josip-jadrijevic-768x432.jpg 768w, https:\/\/yacht-explorer.com\/wp-content\/uploads\/2018\/11\/DJI_0062-mala-raduca-josip-jadrijevic-1536x864.jpg 1536w, https:\/\/yacht-explorer.com\/wp-content\/uploads\/2018\/11\/DJI_0062-mala-raduca-josip-jadrijevic-125x70.jpg 125w\" sizes=\"auto, (max-width: 300px) 100vw, 300px\" \/>\n\t\t<div class=\"figc no-description\">\n\t\t\t<div class=\"figc-inner\">\n\t\t\t\t\t\t\t\t\t\t\t\t\t\t\t<\/div>\n\t\t<\/div>\n\n\t<\/div>\n\n<\/div><div class=\"modula-item effect-pufrobo\" >\n\t<div class=\"modula-item-overlay\"><\/div>\n\n\t<div class=\"modula-item-content\">\n\n\t\t\t\t\n\t\t\t\t\t<a data-image-id=\"9848\" tabindex=\"0\" rel=\"jtg-9844\" data-caption=\"\" aria-label=\"Open image in lightbox\" role=\"button\" class=\"tile-inner modula-item-link\"><\/a>\n\t\t\n\t\t<img loading=\"lazy\" decoding=\"async\" class=\"pic wp-image-9848\"  data-valign=\"middle\" data-halign=\"center\" alt=\"\" data-full=\"https:\/\/yacht-explorer.com\/wp-content\/uploads\/2018\/11\/DJI_0358-mala-raduca-josip-jadrijevic.jpg\" title=\"DJI_0358-mala-raduca-josip-jadrijevic\" width=\"300\" height=\"169\" src=\"https:\/\/yacht-explorer.com\/wp-content\/uploads\/2018\/11\/DJI_0358-mala-raduca-josip-jadrijevic-300x169.jpg\" data-src=\"https:\/\/yacht-explorer.com\/wp-content\/uploads\/2018\/11\/DJI_0358-mala-raduca-josip-jadrijevic-300x169.jpg\" data-caption=\"\" srcset=\"https:\/\/yacht-explorer.com\/wp-content\/uploads\/2018\/11\/DJI_0358-mala-raduca-josip-jadrijevic.jpg 1600w, https:\/\/yacht-explorer.com\/wp-content\/uploads\/2018\/11\/DJI_0358-mala-raduca-josip-jadrijevic-300x169.jpg 300w, https:\/\/yacht-explorer.com\/wp-content\/uploads\/2018\/11\/DJI_0358-mala-raduca-josip-jadrijevic-1024x576.jpg 1024w, https:\/\/yacht-explorer.com\/wp-content\/uploads\/2018\/11\/DJI_0358-mala-raduca-josip-jadrijevic-768x432.jpg 768w, https:\/\/yacht-explorer.com\/wp-content\/uploads\/2018\/11\/DJI_0358-mala-raduca-josip-jadrijevic-1536x864.jpg 1536w, https:\/\/yacht-explorer.com\/wp-content\/uploads\/2018\/11\/DJI_0358-mala-raduca-josip-jadrijevic-125x70.jpg 125w\" sizes=\"auto, (max-width: 300px) 100vw, 300px\" \/>\n\t\t<div class=\"figc no-description\">\n\t\t\t<div class=\"figc-inner\">\n\t\t\t\t\t\t\t\t\t\t\t\t\t\t\t<\/div>\n\t\t<\/div>\n\n\t<\/div>\n\n<\/div><div class=\"modula-item effect-pufrobo\" >\n\t<div class=\"modula-item-overlay\"><\/div>\n\n\t<div class=\"modula-item-content\">\n\n\t\t\t\t\n\t\t\t\t\t<a data-image-id=\"9849\" tabindex=\"0\" rel=\"jtg-9844\" data-caption=\"\" aria-label=\"Open image in lightbox\" role=\"button\" class=\"tile-inner modula-item-link\"><\/a>\n\t\t\n\t\t<img loading=\"lazy\" decoding=\"async\" class=\"pic wp-image-9849\"  data-valign=\"middle\" data-halign=\"center\" alt=\"\" data-full=\"https:\/\/yacht-explorer.com\/wp-content\/uploads\/2018\/11\/primosten_shutterstock_752573686.jpg\" title=\"primosten_shutterstock_752573686\" width=\"300\" height=\"169\" src=\"https:\/\/yacht-explorer.com\/wp-content\/uploads\/2018\/11\/primosten_shutterstock_752573686-300x169.jpg\" data-src=\"https:\/\/yacht-explorer.com\/wp-content\/uploads\/2018\/11\/primosten_shutterstock_752573686-300x169.jpg\" data-caption=\"\" srcset=\"https:\/\/yacht-explorer.com\/wp-content\/uploads\/2018\/11\/primosten_shutterstock_752573686.jpg 1600w, https:\/\/yacht-explorer.com\/wp-content\/uploads\/2018\/11\/primosten_shutterstock_752573686-300x169.jpg 300w, https:\/\/yacht-explorer.com\/wp-content\/uploads\/2018\/11\/primosten_shutterstock_752573686-1024x576.jpg 1024w, https:\/\/yacht-explorer.com\/wp-content\/uploads\/2018\/11\/primosten_shutterstock_752573686-768x432.jpg 768w, https:\/\/yacht-explorer.com\/wp-content\/uploads\/2018\/11\/primosten_shutterstock_752573686-1536x864.jpg 1536w, https:\/\/yacht-explorer.com\/wp-content\/uploads\/2018\/11\/primosten_shutterstock_752573686-125x70.jpg 125w\" sizes=\"auto, (max-width: 300px) 100vw, 300px\" \/>\n\t\t<div class=\"figc no-description\">\n\t\t\t<div class=\"figc-inner\">\n\t\t\t\t\t\t\t\t\t\t\t\t\t\t\t<\/div>\n\t\t<\/div>\n\n\t<\/div>\n\n<\/div><div class=\"modula-item effect-pufrobo\" >\n\t<div class=\"modula-item-overlay\"><\/div>\n\n\t<div class=\"modula-item-content\">\n\n\t\t\t\t\n\t\t\t\t\t<a data-image-id=\"9850\" tabindex=\"0\" rel=\"jtg-9844\" data-caption=\"\" aria-label=\"Open image in lightbox\" role=\"button\" class=\"tile-inner modula-item-link\"><\/a>\n\t\t\n\t\t<img loading=\"lazy\" decoding=\"async\" class=\"pic wp-image-9850\"  data-valign=\"middle\" data-halign=\"center\" alt=\"\" data-full=\"https:\/\/yacht-explorer.com\/wp-content\/uploads\/2018\/11\/primosten-ivo-biocina-1.jpg\" title=\"primosten-ivo-biocina-1\" width=\"300\" height=\"169\" src=\"https:\/\/yacht-explorer.com\/wp-content\/uploads\/2018\/11\/primosten-ivo-biocina-1-300x169.jpg\" data-src=\"https:\/\/yacht-explorer.com\/wp-content\/uploads\/2018\/11\/primosten-ivo-biocina-1-300x169.jpg\" data-caption=\"\" srcset=\"https:\/\/yacht-explorer.com\/wp-content\/uploads\/2018\/11\/primosten-ivo-biocina-1.jpg 1600w, https:\/\/yacht-explorer.com\/wp-content\/uploads\/2018\/11\/primosten-ivo-biocina-1-300x169.jpg 300w, https:\/\/yacht-explorer.com\/wp-content\/uploads\/2018\/11\/primosten-ivo-biocina-1-1024x576.jpg 1024w, https:\/\/yacht-explorer.com\/wp-content\/uploads\/2018\/11\/primosten-ivo-biocina-1-768x432.jpg 768w, https:\/\/yacht-explorer.com\/wp-content\/uploads\/2018\/11\/primosten-ivo-biocina-1-1536x864.jpg 1536w, https:\/\/yacht-explorer.com\/wp-content\/uploads\/2018\/11\/primosten-ivo-biocina-1-125x70.jpg 125w\" sizes=\"auto, (max-width: 300px) 100vw, 300px\" \/>\n\t\t<div class=\"figc no-description\">\n\t\t\t<div class=\"figc-inner\">\n\t\t\t\t\t\t\t\t\t\t\t\t\t\t\t<\/div>\n\t\t<\/div>\n\n\t<\/div>\n\n<\/div><div class=\"modula-item effect-pufrobo\" >\n\t<div class=\"modula-item-overlay\"><\/div>\n\n\t<div class=\"modula-item-content\">\n\n\t\t\t\t\n\t\t\t\t\t<a data-image-id=\"9851\" tabindex=\"0\" rel=\"jtg-9844\" data-caption=\"\" aria-label=\"Open image in lightbox\" role=\"button\" class=\"tile-inner modula-item-link\"><\/a>\n\t\t\n\t\t<img loading=\"lazy\" decoding=\"async\" class=\"pic wp-image-9851\"  data-valign=\"middle\" data-halign=\"center\" alt=\"\" data-full=\"https:\/\/yacht-explorer.com\/wp-content\/uploads\/2018\/11\/PRIMOSTEN-Raduca-DJI_0333_ACR-aleksandar-gospic.jpg\" title=\"PRIMOSTEN-Raduca-DJI_0333_ACR-aleksandar-gospic\" width=\"300\" height=\"169\" src=\"https:\/\/yacht-explorer.com\/wp-content\/uploads\/2018\/11\/PRIMOSTEN-Raduca-DJI_0333_ACR-aleksandar-gospic-300x169.jpg\" data-src=\"https:\/\/yacht-explorer.com\/wp-content\/uploads\/2018\/11\/PRIMOSTEN-Raduca-DJI_0333_ACR-aleksandar-gospic-300x169.jpg\" data-caption=\"\" srcset=\"https:\/\/yacht-explorer.com\/wp-content\/uploads\/2018\/11\/PRIMOSTEN-Raduca-DJI_0333_ACR-aleksandar-gospic.jpg 1600w, https:\/\/yacht-explorer.com\/wp-content\/uploads\/2018\/11\/PRIMOSTEN-Raduca-DJI_0333_ACR-aleksandar-gospic-300x169.jpg 300w, https:\/\/yacht-explorer.com\/wp-content\/uploads\/2018\/11\/PRIMOSTEN-Raduca-DJI_0333_ACR-aleksandar-gospic-1024x576.jpg 1024w, https:\/\/yacht-explorer.com\/wp-content\/uploads\/2018\/11\/PRIMOSTEN-Raduca-DJI_0333_ACR-aleksandar-gospic-768x432.jpg 768w, https:\/\/yacht-explorer.com\/wp-content\/uploads\/2018\/11\/PRIMOSTEN-Raduca-DJI_0333_ACR-aleksandar-gospic-1536x864.jpg 1536w, https:\/\/yacht-explorer.com\/wp-content\/uploads\/2018\/11\/PRIMOSTEN-Raduca-DJI_0333_ACR-aleksandar-gospic-125x70.jpg 125w\" sizes=\"auto, (max-width: 300px) 100vw, 300px\" \/>\n\t\t<div class=\"figc no-description\">\n\t\t\t<div class=\"figc-inner\">\n\t\t\t\t\t\t\t\t\t\t\t\t\t\t\t<\/div>\n\t\t<\/div>\n\n\t<\/div>\n\n<\/div><div class=\"modula-item effect-pufrobo\" >\n\t<div class=\"modula-item-overlay\"><\/div>\n\n\t<div class=\"modula-item-content\">\n\n\t\t\t\t\n\t\t\t\t\t<a data-image-id=\"9852\" tabindex=\"0\" rel=\"jtg-9844\" data-caption=\"\" aria-label=\"Open image in lightbox\" role=\"button\" class=\"tile-inner modula-item-link\"><\/a>\n\t\t\n\t\t<img loading=\"lazy\" decoding=\"async\" class=\"pic wp-image-9852\"  data-valign=\"middle\" data-halign=\"center\" alt=\"\" data-full=\"https:\/\/yacht-explorer.com\/wp-content\/uploads\/2018\/11\/PRIMO\u0160TEN-Radu\u010da-DJI_0396_ACR-gospic.jpg\" title=\"PRIMO\u0160TEN-Radu\u010da-DJI_0396_ACR-gospic\" width=\"300\" height=\"169\" src=\"https:\/\/yacht-explorer.com\/wp-content\/uploads\/2018\/11\/PRIMO\u0160TEN-Radu\u010da-DJI_0396_ACR-gospic-300x169.jpg\" data-src=\"https:\/\/yacht-explorer.com\/wp-content\/uploads\/2018\/11\/PRIMO\u0160TEN-Radu\u010da-DJI_0396_ACR-gospic-300x169.jpg\" data-caption=\"\" srcset=\"https:\/\/yacht-explorer.com\/wp-content\/uploads\/2018\/11\/PRIMO\u0160TEN-Radu\u010da-DJI_0396_ACR-gospic.jpg 1600w, https:\/\/yacht-explorer.com\/wp-content\/uploads\/2018\/11\/PRIMO\u0160TEN-Radu\u010da-DJI_0396_ACR-gospic-300x169.jpg 300w, https:\/\/yacht-explorer.com\/wp-content\/uploads\/2018\/11\/PRIMO\u0160TEN-Radu\u010da-DJI_0396_ACR-gospic-1024x576.jpg 1024w, https:\/\/yacht-explorer.com\/wp-content\/uploads\/2018\/11\/PRIMO\u0160TEN-Radu\u010da-DJI_0396_ACR-gospic-768x432.jpg 768w, https:\/\/yacht-explorer.com\/wp-content\/uploads\/2018\/11\/PRIMO\u0160TEN-Radu\u010da-DJI_0396_ACR-gospic-1536x864.jpg 1536w, https:\/\/yacht-explorer.com\/wp-content\/uploads\/2018\/11\/PRIMO\u0160TEN-Radu\u010da-DJI_0396_ACR-gospic-125x70.jpg 125w\" sizes=\"auto, (max-width: 300px) 100vw, 300px\" \/>\n\t\t<div class=\"figc no-description\">\n\t\t\t<div class=\"figc-inner\">\n\t\t\t\t\t\t\t\t\t\t\t\t\t\t\t<\/div>\n\t\t<\/div>\n\n\t<\/div>\n\n<\/div><div class=\"modula-item effect-pufrobo\" >\n\t<div class=\"modula-item-overlay\"><\/div>\n\n\t<div class=\"modula-item-content\">\n\n\t\t\t\t\n\t\t\t\t\t<a data-image-id=\"9853\" tabindex=\"0\" rel=\"jtg-9844\" data-caption=\"\" aria-label=\"Open image in lightbox\" role=\"button\" class=\"tile-inner modula-item-link\"><\/a>\n\t\t\n\t\t<img loading=\"lazy\" decoding=\"async\" class=\"pic wp-image-9853\"  data-valign=\"middle\" data-halign=\"center\" alt=\"\" data-full=\"https:\/\/yacht-explorer.com\/wp-content\/uploads\/2018\/11\/primosten-vinogradi-bucava-iz-zraka-mario-hlaca.jpg\" title=\"primosten-vinogradi-bucava-iz-zraka-mario-hlaca\" width=\"300\" height=\"169\" src=\"https:\/\/yacht-explorer.com\/wp-content\/uploads\/2018\/11\/primosten-vinogradi-bucava-iz-zraka-mario-hlaca-300x169.jpg\" data-src=\"https:\/\/yacht-explorer.com\/wp-content\/uploads\/2018\/11\/primosten-vinogradi-bucava-iz-zraka-mario-hlaca-300x169.jpg\" data-caption=\"\" srcset=\"https:\/\/yacht-explorer.com\/wp-content\/uploads\/2018\/11\/primosten-vinogradi-bucava-iz-zraka-mario-hlaca.jpg 1600w, https:\/\/yacht-explorer.com\/wp-content\/uploads\/2018\/11\/primosten-vinogradi-bucava-iz-zraka-mario-hlaca-300x169.jpg 300w, https:\/\/yacht-explorer.com\/wp-content\/uploads\/2018\/11\/primosten-vinogradi-bucava-iz-zraka-mario-hlaca-1024x576.jpg 1024w, https:\/\/yacht-explorer.com\/wp-content\/uploads\/2018\/11\/primosten-vinogradi-bucava-iz-zraka-mario-hlaca-768x432.jpg 768w, https:\/\/yacht-explorer.com\/wp-content\/uploads\/2018\/11\/primosten-vinogradi-bucava-iz-zraka-mario-hlaca-1536x864.jpg 1536w, https:\/\/yacht-explorer.com\/wp-content\/uploads\/2018\/11\/primosten-vinogradi-bucava-iz-zraka-mario-hlaca-125x70.jpg 125w\" sizes=\"auto, (max-width: 300px) 100vw, 300px\" \/>\n\t\t<div class=\"figc no-description\">\n\t\t\t<div class=\"figc-inner\">\n\t\t\t\t\t\t\t\t\t\t\t\t\t\t\t<\/div>\n\t\t<\/div>\n\n\t<\/div>\n\n<\/div><div class=\"modula-item effect-pufrobo\" >\n\t<div class=\"modula-item-overlay\"><\/div>\n\n\t<div class=\"modula-item-content\">\n\n\t\t\t\t\n\t\t\t\t\t<a data-image-id=\"9854\" tabindex=\"0\" rel=\"jtg-9844\" data-caption=\"\" aria-label=\"Open image in lightbox\" role=\"button\" class=\"tile-inner modula-item-link\"><\/a>\n\t\t\n\t\t<img loading=\"lazy\" decoding=\"async\" class=\"pic wp-image-9854\"  data-valign=\"middle\" data-halign=\"center\" alt=\"\" data-full=\"https:\/\/yacht-explorer.com\/wp-content\/uploads\/2018\/11\/primosten-vo-biocina-2.jpg\" title=\"primosten-vo-biocina-2\" width=\"300\" height=\"169\" src=\"https:\/\/yacht-explorer.com\/wp-content\/uploads\/2018\/11\/primosten-vo-biocina-2-300x169.jpg\" data-src=\"https:\/\/yacht-explorer.com\/wp-content\/uploads\/2018\/11\/primosten-vo-biocina-2-300x169.jpg\" data-caption=\"\" srcset=\"https:\/\/yacht-explorer.com\/wp-content\/uploads\/2018\/11\/primosten-vo-biocina-2.jpg 1600w, https:\/\/yacht-explorer.com\/wp-content\/uploads\/2018\/11\/primosten-vo-biocina-2-300x169.jpg 300w, https:\/\/yacht-explorer.com\/wp-content\/uploads\/2018\/11\/primosten-vo-biocina-2-1024x576.jpg 1024w, https:\/\/yacht-explorer.com\/wp-content\/uploads\/2018\/11\/primosten-vo-biocina-2-768x432.jpg 768w, https:\/\/yacht-explorer.com\/wp-content\/uploads\/2018\/11\/primosten-vo-biocina-2-1536x864.jpg 1536w, https:\/\/yacht-explorer.com\/wp-content\/uploads\/2018\/11\/primosten-vo-biocina-2-125x70.jpg 125w\" sizes=\"auto, (max-width: 300px) 100vw, 300px\" \/>\n\t\t<div class=\"figc no-description\">\n\t\t\t<div class=\"figc-inner\">\n\t\t\t\t\t\t\t\t\t\t\t\t\t\t\t<\/div>\n\t\t<\/div>\n\n\t<\/div>\n\n<\/div><div class=\"modula-item effect-pufrobo\" >\n\t<div class=\"modula-item-overlay\"><\/div>\n\n\t<div class=\"modula-item-content\">\n\n\t\t\t\t\n\t\t\t\t\t<a data-image-id=\"9855\" tabindex=\"0\" rel=\"jtg-9844\" data-caption=\"\" aria-label=\"Open image in lightbox\" role=\"button\" class=\"tile-inner modula-item-link\"><\/a>\n\t\t\n\t\t<img loading=\"lazy\" decoding=\"async\" class=\"pic wp-image-9855\"  data-valign=\"middle\" data-halign=\"center\" alt=\"\" data-full=\"https:\/\/yacht-explorer.com\/wp-content\/uploads\/2018\/11\/primosten-zlatko-sunko.jpg\" title=\"primosten-zlatko-sunko\" width=\"300\" height=\"169\" src=\"https:\/\/yacht-explorer.com\/wp-content\/uploads\/2018\/11\/primosten-zlatko-sunko-300x169.jpg\" data-src=\"https:\/\/yacht-explorer.com\/wp-content\/uploads\/2018\/11\/primosten-zlatko-sunko-300x169.jpg\" data-caption=\"\" srcset=\"https:\/\/yacht-explorer.com\/wp-content\/uploads\/2018\/11\/primosten-zlatko-sunko.jpg 1600w, https:\/\/yacht-explorer.com\/wp-content\/uploads\/2018\/11\/primosten-zlatko-sunko-300x169.jpg 300w, https:\/\/yacht-explorer.com\/wp-content\/uploads\/2018\/11\/primosten-zlatko-sunko-1024x576.jpg 1024w, https:\/\/yacht-explorer.com\/wp-content\/uploads\/2018\/11\/primosten-zlatko-sunko-768x432.jpg 768w, https:\/\/yacht-explorer.com\/wp-content\/uploads\/2018\/11\/primosten-zlatko-sunko-1536x864.jpg 1536w, https:\/\/yacht-explorer.com\/wp-content\/uploads\/2018\/11\/primosten-zlatko-sunko-125x70.jpg 125w\" sizes=\"auto, (max-width: 300px) 100vw, 300px\" \/>\n\t\t<div class=\"figc no-description\">\n\t\t\t<div class=\"figc-inner\">\n\t\t\t\t\t\t\t\t\t\t\t\t\t\t\t<\/div>\n\t\t<\/div>\n\n\t<\/div>\n\n<\/div><div class=\"modula-item effect-pufrobo\" >\n\t<div class=\"modula-item-overlay\"><\/div>\n\n\t<div class=\"modula-item-content\">\n\n\t\t\t\t\n\t\t\t\t\t<a data-image-id=\"9856\" tabindex=\"0\" rel=\"jtg-9844\" data-caption=\"\" aria-label=\"Open image in lightbox\" role=\"button\" class=\"tile-inner modula-item-link\"><\/a>\n\t\t\n\t\t<img loading=\"lazy\" decoding=\"async\" class=\"pic wp-image-9856\"  data-valign=\"middle\" data-halign=\"center\" alt=\"\" data-full=\"https:\/\/yacht-explorer.com\/wp-content\/uploads\/2018\/11\/vinograd-primosten-sergio-gobbo.jpg\" title=\"vinograd-primosten-sergio-gobbo\" width=\"300\" height=\"169\" src=\"https:\/\/yacht-explorer.com\/wp-content\/uploads\/2018\/11\/vinograd-primosten-sergio-gobbo-300x169.jpg\" data-src=\"https:\/\/yacht-explorer.com\/wp-content\/uploads\/2018\/11\/vinograd-primosten-sergio-gobbo-300x169.jpg\" data-caption=\"\" srcset=\"https:\/\/yacht-explorer.com\/wp-content\/uploads\/2018\/11\/vinograd-primosten-sergio-gobbo.jpg 1600w, https:\/\/yacht-explorer.com\/wp-content\/uploads\/2018\/11\/vinograd-primosten-sergio-gobbo-300x169.jpg 300w, https:\/\/yacht-explorer.com\/wp-content\/uploads\/2018\/11\/vinograd-primosten-sergio-gobbo-1024x576.jpg 1024w, https:\/\/yacht-explorer.com\/wp-content\/uploads\/2018\/11\/vinograd-primosten-sergio-gobbo-768x432.jpg 768w, https:\/\/yacht-explorer.com\/wp-content\/uploads\/2018\/11\/vinograd-primosten-sergio-gobbo-1536x864.jpg 1536w, https:\/\/yacht-explorer.com\/wp-content\/uploads\/2018\/11\/vinograd-primosten-sergio-gobbo-125x70.jpg 125w\" sizes=\"auto, (max-width: 300px) 100vw, 300px\" \/>\n\t\t<div class=\"figc no-description\">\n\t\t\t<div class=\"figc-inner\">\n\t\t\t\t\t\t\t\t\t\t\t\t\t\t\t<\/div>\n\t\t<\/div>\n\n\t<\/div>\n\n<\/div>\t\t\n\t<\/div>\n\n\t\n\t\n\t<script type=\"application\/ld+json\">\n\t{\n\t\t\"@context\": \"http:\/\/schema.org\",\n\t\t\"@type\"   : \"ImageGallery\",\n\t\t\"id\"      : \"https:\/\/yacht-explorer.com\/de\/primosten\/\",\n\t\t\"url\"     : \"https:\/\/yacht-explorer.com\/de\/primosten\/\"\n\t}\n\n\t<\/script>\n\n\t\n<\/div>[\/vc_column_text][\/vc_column][\/vc_row][\/vc_section][vc_section full_width=&#8220;stretch_row_content&#8220; bg_color_select=&#8220;black&#8220;][vc_row full_width=&#8220;stretch_row_content&#8220;][vc_column]<div class=\"heading  default align-center color-white subcolor-white transform-default icon-type-default heading-tag-h2\" id=\"like_sc_header_497329672\"><h2 class=\"header ltx-sr-id-like_sc_header_4973296721922085414 ltx-sr ltx-sr-effect-fade_in ltx-sr-el-block ltx-sr-delay-0 ltx-sr-duration-1000 ltx-sr-sequences-0\">Marina Kremik<\/h2><\/div><div class=\"ltx-content-width col-align-center\" id=\"like_sc_content_width_225961572\" style=\"max-width: 1000px\"><div class=\"ltx-wrapper\">[vc_column_text]<\/p>\n<p style=\"text-align: center\"><span style=\"font-size: 14pt\">Die Marina Kremik liegt unweit von Primo\u0161ten in einer malerischen Bucht, die von jahrhundertealten Weinbergen umgeben ist. Es liegt tief im Land und ist einer der am besten gesch\u00fctzten Yachth\u00e4fen an der Adria. Der Kornati-Nationalpark ist 30 Seemeilen entfernt und der Flughafen Split ist nur 30 km entfernt. Der Yachthafen verf\u00fcgt \u00fcber ein Restaurant, einen Supermarkt, ein Gesch\u00e4ft f\u00fcr nautische Ausr\u00fcstung und technische Dienstleistungen.<\/span><\/p>\n<div id=\"kpm-root\" class=\"kpm_LTR notranslate\"><\/div>\n<div id=\"kpm-root\" class=\"kpm_LTR notranslate\"><\/div>\n<p>[\/vc_column_text]<\/div><\/div><div class=\"ltx-content-width col-align-center\" id=\"like_sc_content_width_735788732\" style=\"max-width: 1000px\"><div class=\"ltx-wrapper\">[vc_column_text]<\/p>\n<p style=\"text-align: center\"><span style=\"font-size: 14pt\">Splitska 22-24<\/span><br \/>\n<span style=\"font-size: 14pt\">22202 Primo\u0161ten<\/span><br \/>\n<span style=\"font-size: 14pt\">TEL +385 (0)22 570 068<\/span><br \/>\n<span style=\"font-size: 14pt\">FAX +385 (0)22 571 142<\/span><br \/>\n<span style=\"font-size: 14pt\"><a href=\"http:\/\/www.marinakremik-adriatiq.com\" target=\"_blank\" rel=\"noopener noreferrer\">www.marinakremik-adriatiq.com<\/a><\/span><br \/>\n<a href=\"mailto:%20marina-kremik@adriatiq.com\"><span style=\"font-size: 14pt\">marina-kremik@adriatiq.com<\/span><\/a><\/p>\n<div id=\"kpm-root\" class=\"kpm_LTR notranslate\"><\/div>\n<p>[\/vc_column_text]<\/div><\/div>[\/vc_column][\/vc_row][\/vc_section][vc_section full_width=&#8220;stretch_row&#8220;][vc_row full_width=&#8220;stretch_row_content&#8220;][vc_column][vc_empty_space][vc_single_image image=&#8220;12577&#8243; img_size=&#8220;full&#8220; alignment=&#8220;center&#8220;][\/vc_column][\/vc_row][\/vc_section][vc_section full_width=&#8220;stretch_row_content&#8220; bg_pos=&#8220;center-center&#8220; bg_parallax=&#8220;static&#8220; css=&#8220;.vc_custom_1600263359369{background-image: url(https:\/\/yacht-explorer.com\/wp-content\/uploads\/2020\/09\/ACI-Marina-Kremik-3.jpg?id=9859) !important;}&#8220;][vc_row full_width=&#8220;stretch_row_content&#8220;][vc_column][vc_empty_space height=&#8220;400px&#8220;][\/vc_column][\/vc_row][\/vc_section]<\/p>\n","protected":false},"excerpt":{"rendered":"<p>[vc_section full_width=&#8220;stretch_row_content&#8220; bg_color_select=&#8220;gray&#8220;][vc_row full_width=&#8220;stretch_row_content&#8220;][vc_column][\/vc_column][\/vc_row][\/vc_section][vc_section full_width=&#8220;stretch_row_content&#8220; bg_pos=&#8220;center-center&#8220; bg_parallax=&#8220;static&#8220; css=&#8220;.vc_custom_1600260972411{background-image: url(https:\/\/yacht-explorer.com\/wp-content\/uploads\/2020\/09\/vinograd-primosten-sergio-gobbo.jpg?id=9842) !important;}&#8220;][vc_row full_width=&#8220;stretch_row_content&#8220;][vc_column][vc_empty_space height=&#8220;400px&#8220;][\/vc_column][\/vc_row][\/vc_section][vc_section full_width=&#8220;stretch_row&#8220;][vc_row full_width=&#8220;stretch_row_content&#8220;][vc_column][vc_empty_space][vc_empty_space][\/vc_column][\/vc_row][\/vc_section][vc_section full_width=&#8220;stretch_row_content&#8220;][vc_row full_width=&#8220;stretch_row_content_no_spaces&#8220;][vc_column][vc_column_text][\/vc_column_text][\/vc_column][\/vc_row][\/vc_section][vc_section full_width=&#8220;stretch_row_content&#8220; bg_color_select=&#8220;black&#8220;][vc_row full_width=&#8220;stretch_row_content&#8220;][vc_column][\/vc_column][\/vc_row][\/vc_section][vc_section full_width=&#8220;stretch_row&#8220;][vc_row full_width=&#8220;stretch_row_content&#8220;][vc_column][vc_empty_space][vc_single_image image=&#8220;12577&#8243; img_size=&#8220;full&#8220; alignment=&#8220;center&#8220;][\/vc_column][\/vc_row][\/vc_section][vc_section full_width=&#8220;stretch_row_content&#8220; bg_pos=&#8220;center-center&#8220; bg_parallax=&#8220;static&#8220; css=&#8220;.vc_custom_1600263359369{background-image: url(https:\/\/yacht-explorer.com\/wp-content\/uploads\/2020\/09\/ACI-Marina-Kremik-3.jpg?id=9859) !important;}&#8220;][vc_row full_width=&#8220;stretch_row_content&#8220;][vc_column][vc_empty_space height=&#8220;400px&#8220;][\/vc_column][\/vc_row][\/vc_section]<\/p>\n","protected":false},"author":1,"featured_media":12573,"comment_status":"closed","ping_status":"closed","sticky":false,"template":"","format":"standard","meta":{"footnotes":""},"categories":[303],"tags":[],"table_tags":[],"class_list":["post-12570","post","type-post","status-publish","format-standard","has-post-thumbnail","hentry","category-destination"],"_links":{"self":[{"href":"https:\/\/yacht-explorer.com\/de\/wp-json\/wp\/v2\/posts\/12570","targetHints":{"allow":["GET"]}}],"collection":[{"href":"https:\/\/yacht-explorer.com\/de\/wp-json\/wp\/v2\/posts"}],"about":[{"href":"https:\/\/yacht-explorer.com\/de\/wp-json\/wp\/v2\/types\/post"}],"author":[{"embeddable":true,"href":"https:\/\/yacht-explorer.com\/de\/wp-json\/wp\/v2\/users\/1"}],"replies":[{"embeddable":true,"href":"https:\/\/yacht-explorer.com\/de\/wp-json\/wp\/v2\/comments?post=12570"}],"version-history":[{"count":6,"href":"https:\/\/yacht-explorer.com\/de\/wp-json\/wp\/v2\/posts\/12570\/revisions"}],"predecessor-version":[{"id":13900,"href":"https:\/\/yacht-explorer.com\/de\/wp-json\/wp\/v2\/posts\/12570\/revisions\/13900"}],"wp:featuredmedia":[{"embeddable":true,"href":"https:\/\/yacht-explorer.com\/de\/wp-json\/wp\/v2\/media\/12573"}],"wp:attachment":[{"href":"https:\/\/yacht-explorer.com\/de\/wp-json\/wp\/v2\/media?parent=12570"}],"wp:term":[{"taxonomy":"category","embeddable":true,"href":"https:\/\/yacht-explorer.com\/de\/wp-json\/wp\/v2\/categories?post=12570"},{"taxonomy":"post_tag","embeddable":true,"href":"https:\/\/yacht-explorer.com\/de\/wp-json\/wp\/v2\/tags?post=12570"},{"taxonomy":"table_tags","embeddable":true,"href":"https:\/\/yacht-explorer.com\/de\/wp-json\/wp\/v2\/table_tags?post=12570"}],"curies":[{"name":"wp","href":"https:\/\/api.w.org\/{rel}","templated":true}]}}